{"id":32817,"date":"2013-12-27T00:00:00","date_gmt":"2013-12-26T23:00:00","guid":{"rendered":"http:\/\/localhost\/ravnica\/2013\/12\/27\/odrzana-svecana-priredba-udruzenja-za-cerebralnu-i-deciju-paralizu-prijatelji-titela\/"},"modified":"2013-12-27T00:00:00","modified_gmt":"2013-12-26T23:00:00","slug":"odrzana-svecana-priredba-udruzenja-za-cerebralnu-i-deciju-paralizu-prijatelji-titela","status":"publish","type":"post","link":"https:\/\/ravnica.info\/arhiva\/?p=32817","title":{"rendered":"Odr\u017eana sve\u010dana priredba Udru\u017eenja za cerebralnu i de\u010diju paralizu Prijatelji Titela"},"content":{"rendered":"<p style=\"text-align: justify;\"><strong>TITEL:  U \u010detvrtak, 26. decembra 2013. godine, u Sve\u010danoj sali Op\u0161tinske uprave u Titelu, odr\u017eana je sve\u010dana priredba, u organizaciji Udru\u017eenja za cerebralnu i de\u010diju paralizu \u201ePrijatelji Titela\u201c iz Titela, povodom zavr\u0161etka realizacije projekata \u201eMo\u017eemo zajedno\u201c i \u201ePru\u017ei korak napred\u201c.<\/strong><\/p>\n<p><!--more--><\/p>\n<p style=\"text-align: justify;\">\n\t\u00a0<\/p>\n<p style=\"text-align: center;\">\n\t<img loading=\"lazy\" decoding=\"async\" align=\"middle\" alt=\"udruzenje prijatelji titela\" height=\"390\" src=\"\/UserFiles\/Image\/Decembar2012\/udruzenje-prijatelji-titela(1).JPG\" width=\"520\" \/><\/p>\n<p style=\"text-align: justify;\">\n\t\u00a0<\/p>\n<p style=\"text-align: justify;\">\n\tSve\u010danoj priredbi su prisustvovali svi u\u010desnici u realizaciji pomenutih projekata.<\/p>\n<p>\tU okviru projekta \u201eMo\u017eemo zajedno\u201c realizovane su usluge personalne asistencije za odrasle i decu, dok je u okviru projekta \u201ePru\u017ei korak napred\u201c, ura\u0111ena prilazna rampa i dva toaleta za osobe sa invaliditetom ka poslovnim prostorijama Udru\u017eenja \u201ePrijatelji Titela\u201c i realizovane usluge logopeda, defektologa i pedago\u0161kog asistenta. <\/p>\n<p>\tUsluga personalne i pedago\u0161ke asistencije nastavi\u0107e se volonterskim radom pru\u017eaoca usluga od strane Danijele Savi\u0107, Tamare Koji\u0107, Marije Ro\u0161ul, Ivane \u0160ere\u0161 i Marine Devu\u0161i\u0107. <\/p>\n<p>\tUsluge logopeda i defektologa nastavi\u0107e se u saradnji sa Osnovnom \u0161kolom \u201eSvetozar Mileti\u0107\u201c Titel, Osnovnom \u0161kolom \u201eIsidora Sekuli\u0107\u201c \u0160ajka\u0161 i \u0160kolom za osnovno i srednje obrazovanje \u201eMilan Petrovi\u0107\u201c Novi Sad, uz podr\u0161ku lokalne samouprave koja \u0107e pla\u0107ati putne tro\u0161kove za prevoz logopeda, defektologa i dece iz Gardinovaca, Vilova i Loka. <\/p>\n<p>\tMinistarstvo rada, zapo\u0161ljavanja i socijalne politike bilo je donator pomenutih projekata. <\/p>\n<p>\tNa kraju sve\u010dane priredbe, deci u\u010desnicima u realizaciji projekata podeljeni su paketi\u0107i. Deo sredstava za paketi\u0107e obezbedila je op\u0161tina Titel.<\/p>\n<p style=\"text-align: justify;\">\n\tIzvor: opstinatitel.rs<\/p>\n<p><strong>Autor:<\/strong> Redakcija<br \/>\n<strong>Datum:<\/strong> 27, 12, 2013.<\/p>\n","protected":false},"excerpt":{"rendered":"<p>TITEL:  U \u010detvrtak, 26. decembra 2013. godine, u Sve\u010danoj sali Op\u0161tinske uprave u Titelu, odr\u017eana je sve\u010dana priredba, u organizaciji Udru\u017eenja za cerebralnu i de\u010diju paralizu \u201ePrijatelji Titela\u201c iz Titela, povodom zavr\u0161etka realizacije projekata \u201eMo\u017eemo zajedno\u201c i \u201ePru\u017ei korak napred\u201c.<\/p>\n","protected":false},"author":1,"featured_media":0,"comment_status":"open","ping_status":"open","sticky":false,"template":"","format":"standard","meta":{"footnotes":""},"categories":[1],"tags":[],"class_list":["post-32817","post","type-post","status-publish","format-standard","hentry","category-nekategorizovano"],"_links":{"self":[{"href":"https:\/\/ravnica.info\/arhiva\/index.php?rest_route=\/wp\/v2\/posts\/32817","targetHints":{"allow":["GET"]}}],"collection":[{"href":"https:\/\/ravnica.info\/arhiva\/index.php?rest_route=\/wp\/v2\/posts"}],"about":[{"href":"https:\/\/ravnica.info\/arhiva\/index.php?rest_route=\/wp\/v2\/types\/post"}],"author":[{"embeddable":true,"href":"https:\/\/ravnica.info\/arhiva\/index.php?rest_route=\/wp\/v2\/users\/1"}],"replies":[{"embeddable":true,"href":"https:\/\/ravnica.info\/arhiva\/index.php?rest_route=%2Fwp%2Fv2%2Fcomments&post=32817"}],"version-history":[{"count":0,"href":"https:\/\/ravnica.info\/arhiva\/index.php?rest_route=\/wp\/v2\/posts\/32817\/revisions"}],"wp:attachment":[{"href":"https:\/\/ravnica.info\/arhiva\/index.php?rest_route=%2Fwp%2Fv2%2Fmedia&parent=32817"}],"wp:term":[{"taxonomy":"category","embeddable":true,"href":"https:\/\/ravnica.info\/arhiva\/index.php?rest_route=%2Fwp%2Fv2%2Fcategories&post=32817"},{"taxonomy":"post_tag","embeddable":true,"href":"https:\/\/ravnica.info\/arhiva\/index.php?rest_route=%2Fwp%2Fv2%2Ftags&post=32817"}],"curies":[{"name":"wp","href":"https:\/\/api.w.org\/{rel}","templated":true}]}}