{"id":32485,"date":"2011-06-28T00:00:00","date_gmt":"2011-06-27T22:00:00","guid":{"rendered":"http:\/\/localhost\/ravnica\/2011\/06\/28\/svecano-pocinje-gradnja-andric-grada\/"},"modified":"2011-06-28T00:00:00","modified_gmt":"2011-06-27T22:00:00","slug":"svecano-pocinje-gradnja-andric-grada-2","status":"publish","type":"post","link":"https:\/\/ravnica.info\/arhiva\/?p=32485","title":{"rendered":"Sve\u010dano po\u010dinje gradnja &#8222;Andri\u0107-grada&#8220;"},"content":{"rendered":"<p style=\"text-align: justify;\"><strong>BANJA LUKA: U Vi\u0161egradu \u0107e danas sve\u010dano biti obele\u017een po\u010detak radova na izgradnji &#8222;Andri\u0107-grada&#8220;, grada u kamenu, koji \u0107e se raditi po ideji proslavljenog reditelja Emira Kusturice.<\/strong><\/p>\n<p><!--more--><\/p>\n<p style=\"text-align: justify;\">\n\t<img loading=\"lazy\" decoding=\"async\" align=\"left\" alt=\"\" height=\"55\" hspace=\"6\" src=\"\/UserFiles\/Image\/Jun2011\/visegrad_130x55.jpg\" vspace=\"6\" width=\"130\" \/><\/p>\n<p style=\"text-align: justify;\">\n\t\u00a0<\/p>\n<p style=\"text-align: justify;\">\n\tPored Kusturice, brojnih gostiju i me\u0161tana Vi\u0161egrada i okolnih mesta, ovoj sve\u010danosti \u0107e prisustvovati i predsednik i premijer Republike Srpske Milorad Dodik i Aleksandar D\u017eombi\u0107, kao i vi\u0161e ministara iz vlade RS.<\/p>\n<p>\tSve\u010dani po\u010detak radova bi\u0107e najavljen delovima iz opere &#8222;Karmina Burana&#8220;, koju \u0107e izvesti hor i Simfonijski orkestar Radio televizije Srbije.<\/p>\n<p>\t&#8222;Andri\u0107-grad&#8220; \u0107e biti gra\u0111en u tri etape, a prema planu u potpunosti bi trebao da bude sagra\u0111en 2014. godine.<\/p>\n<p style=\"text-align: justify;\">\n\t<a href=\"http:\/\/rtv.rs\/sr_lat\/region\/svecano-pocinje-gradnja-andric-grada_260956.html\" target=\"_blank\" rel=\"noopener noreferrer\"><span class=\"Apple-style-span\" style=\"font-family: 'helvetica neue light', helvetica, arial, sans-serif; color: rgb(0, 0, 0); \">Kliknite ovde da biste videli vest u celini na sajtu\u00a0<b style=\"padding-bottom: 0px; margin-top: 0px; margin-right: 0px; margin-bottom: 0px; margin-left: 0px; padding-left: 0px; padding-right: 0px; padding-top: 0px; \">rtv.rs \u00bb<\/b><\/span><\/a><\/p>\n<p><strong>Autor:<\/strong> Redakcija<br \/>\n<strong>Datum:<\/strong> 28, 06, 2011.<\/p>\n","protected":false},"excerpt":{"rendered":"<p>BANJA LUKA: U Vi\u0161egradu \u0107e danas sve\u010dano biti obele\u017een po\u010detak radova na izgradnji &#8222;Andri\u0107-grada&#8220;, grada u kamenu, koji \u0107e se raditi po ideji proslavljenog reditelja Emira Kusturice.<\/p>\n","protected":false},"author":1,"featured_media":0,"comment_status":"open","ping_status":"open","sticky":false,"template":"","format":"standard","meta":{"footnotes":""},"categories":[1],"tags":[],"class_list":["post-32485","post","type-post","status-publish","format-standard","hentry","category-nekategorizovano"],"_links":{"self":[{"href":"https:\/\/ravnica.info\/arhiva\/index.php?rest_route=\/wp\/v2\/posts\/32485","targetHints":{"allow":["GET"]}}],"collection":[{"href":"https:\/\/ravnica.info\/arhiva\/index.php?rest_route=\/wp\/v2\/posts"}],"about":[{"href":"https:\/\/ravnica.info\/arhiva\/index.php?rest_route=\/wp\/v2\/types\/post"}],"author":[{"embeddable":true,"href":"https:\/\/ravnica.info\/arhiva\/index.php?rest_route=\/wp\/v2\/users\/1"}],"replies":[{"embeddable":true,"href":"https:\/\/ravnica.info\/arhiva\/index.php?rest_route=%2Fwp%2Fv2%2Fcomments&post=32485"}],"version-history":[{"count":0,"href":"https:\/\/ravnica.info\/arhiva\/index.php?rest_route=\/wp\/v2\/posts\/32485\/revisions"}],"wp:attachment":[{"href":"https:\/\/ravnica.info\/arhiva\/index.php?rest_route=%2Fwp%2Fv2%2Fmedia&parent=32485"}],"wp:term":[{"taxonomy":"category","embeddable":true,"href":"https:\/\/ravnica.info\/arhiva\/index.php?rest_route=%2Fwp%2Fv2%2Fcategories&post=32485"},{"taxonomy":"post_tag","embeddable":true,"href":"https:\/\/ravnica.info\/arhiva\/index.php?rest_route=%2Fwp%2Fv2%2Ftags&post=32485"}],"curies":[{"name":"wp","href":"https:\/\/api.w.org\/{rel}","templated":true}]}}