{"id":32350,"date":"2011-04-29T00:00:00","date_gmt":"2011-04-28T22:00:00","guid":{"rendered":"http:\/\/localhost\/ravnica\/2011\/04\/29\/predstavljen-medjunarodni-turnir-rastimo-trofej-novog-sada\/"},"modified":"2011-04-29T00:00:00","modified_gmt":"2011-04-28T22:00:00","slug":"predstavljen-medjunarodni-turnir-rastimo-trofej-novog-sada-2","status":"publish","type":"post","link":"https:\/\/ravnica.info\/arhiva\/?p=32350","title":{"rendered":"Predstavljen me\u0111unarodni turnir &#8222;Rastimo&#8220;- Trofej Novog Sada"},"content":{"rendered":"<p style=\"text-align: justify;\"><strong>KA\u0106: \u010clan Gradskog ve\u0107a za sport i omladinu Aleksandar Kravi\u0107 i na\u010delnica Gradske uprave za sport i omladinu Sonja Kon\u010dar Ni\u010di\u0107 odr\u017eali su konferenciju za novinare povodom Me\u0111unarodnog turnira u rukometu i mini rukometu &#8222;Rastimo&#8220;-trofej Grada Novog Sada, koji \u0107e biti odr\u017ean od 30. aprila do 2. maja u Novom Sadu, Ka\u0107u i Futogu.<\/strong><\/p>\n<p><!--more--><\/p>\n<p style=\"text-align: justify;\">\n\t&#8211; Gradska uprava za sport i omladinu prepoznala je vrednost i zna\u010daj ovog turnira za razvoj i popularizaciju rukometa i sporta uop\u0161te u Novom Sadu, i u poptpunosti smo podr\u017eali i neposredno se uklju\u010dili u njegovu organizaciju i realizaciju &#8211; istakao je Aleksandar Kravi\u0107<br \/>\n\tKonferenciji su prisustvovali i predsednik Organizacionog odbora turnira Milan \u0110uki\u0107, zamenik predsednika Organizacionog odbora , Rajko Imbronjev i direktor turnira Milivoj Jak\u0161i\u0107.<br \/>\n\t&#8211; Ovo je najmasovnija manifestacija rukometnog sporta u na\u0161oj zemlji, i po prvi put u istoriji ovog sporta kod nas istovremeno \u0107e se takmi\u010diti devoj\u010dice i de\u010daci, mladi rukometa\u0161i, mla\u0111e pionirke i pioniri i kadetkinje i kadeti u rukometu i mini rukometu &#8211; rekao je predsednik Organizacionog odbora turnira Milan \u0110uki\u0107<br \/>\n\tNa Me\u0111unarodnom turniru u rukometu i mini rukometu &#8222;Rastimo&#8220;- Trofej Grada Novog Sada u\u010destvova\u0107e 40 mu\u0161kih i 24 \u017eenske ekipe i 15 ekipa u mini rukometu iz Srbije, Rumunije, Republike Srpske, BiH, Hrvatske, Slovenije i Crne Gore, sa vi\u0161e od 1000 u\u010desnika.<br \/>\n\t&#8222;Va\u017eno je napomenuti da se finale turnira, igra se 2. maja u ka\u0107koj dvorani &#8222;Hram&#8220;, uz direktan TV prenos.&#8220; <\/p>\n<p><strong>Autor:<\/strong> B. Stupar<br \/>\n<strong>Datum:<\/strong> 29, 04, 2011.<\/p>\n","protected":false},"excerpt":{"rendered":"<p>KA\u0106: \u010clan Gradskog ve\u0107a za sport i omladinu Aleksandar Kravi\u0107 i na\u010delnica Gradske uprave za sport i omladinu Sonja Kon\u010dar Ni\u010di\u0107 odr\u017eali su konferenciju za novinare povodom Me\u0111unarodnog turnira u rukometu i mini rukometu &#8222;Rastimo&#8220;-trofej Grada Novog Sada, koji \u0107e biti odr\u017ean od 30. aprila do 2. maja u Novom Sadu, Ka\u0107u i Futogu.<\/p>\n","protected":false},"author":1,"featured_media":0,"comment_status":"open","ping_status":"open","sticky":false,"template":"","format":"standard","meta":{"footnotes":""},"categories":[1],"tags":[],"class_list":["post-32350","post","type-post","status-publish","format-standard","hentry","category-nekategorizovano"],"_links":{"self":[{"href":"https:\/\/ravnica.info\/arhiva\/index.php?rest_route=\/wp\/v2\/posts\/32350","targetHints":{"allow":["GET"]}}],"collection":[{"href":"https:\/\/ravnica.info\/arhiva\/index.php?rest_route=\/wp\/v2\/posts"}],"about":[{"href":"https:\/\/ravnica.info\/arhiva\/index.php?rest_route=\/wp\/v2\/types\/post"}],"author":[{"embeddable":true,"href":"https:\/\/ravnica.info\/arhiva\/index.php?rest_route=\/wp\/v2\/users\/1"}],"replies":[{"embeddable":true,"href":"https:\/\/ravnica.info\/arhiva\/index.php?rest_route=%2Fwp%2Fv2%2Fcomments&post=32350"}],"version-history":[{"count":0,"href":"https:\/\/ravnica.info\/arhiva\/index.php?rest_route=\/wp\/v2\/posts\/32350\/revisions"}],"wp:attachment":[{"href":"https:\/\/ravnica.info\/arhiva\/index.php?rest_route=%2Fwp%2Fv2%2Fmedia&parent=32350"}],"wp:term":[{"taxonomy":"category","embeddable":true,"href":"https:\/\/ravnica.info\/arhiva\/index.php?rest_route=%2Fwp%2Fv2%2Fcategories&post=32350"},{"taxonomy":"post_tag","embeddable":true,"href":"https:\/\/ravnica.info\/arhiva\/index.php?rest_route=%2Fwp%2Fv2%2Ftags&post=32350"}],"curies":[{"name":"wp","href":"https:\/\/api.w.org\/{rel}","templated":true}]}}