{"id":31992,"date":"2007-08-23T00:00:00","date_gmt":"2007-08-22T22:00:00","guid":{"rendered":"http:\/\/localhost\/ravnica\/2007\/08\/23\/mracan-pocetak-velikogospojinskih-svecanosti\/"},"modified":"2007-08-23T00:00:00","modified_gmt":"2007-08-22T22:00:00","slug":"mracan-pocetak-velikogospojinskih-svecanosti-2","status":"publish","type":"post","link":"https:\/\/ravnica.info\/arhiva\/?p=31992","title":{"rendered":"&#8222;Mra\u010dan&#8220; po\u010detak Velikogospojinskih sve\u010danosti"},"content":{"rendered":"<p style=\"text-align: justify;\"><strong>Programom ovogodi\u0161njih Velikogospojinskih sve\u010danosti, ve\u0107 tradicionalne titelske manifestacije, prvo ve\u010de bilo je rezervisamo za videoprezentaciju fotografija sa konkursa &#8222;Biramo najlep\u0161u ba\u0161tu-balkon&#8220;.<\/strong><\/p>\n<p><!--more--><\/p>\n<p align=\"justify\" class=\"MsoNormal\"><font size=\"2\"><span style=\"font-family: Arial;\">\u00a0\u00a0\u00a0\u00a0\u00a0\u00a0\u00a0 Na pozornici na gradskom trgu koji je bio u potpunom mraku, a ka\u017eu da je takav danima,<span style=\"\"> <\/span>postavljen je video bim. U mraku se nazirala i publika.<\/span><\/font><\/p>\n<div align=\"center\"><img loading=\"lazy\" decoding=\"async\" width=\"492\" height=\"368\" align=\"middle\" alt=\"\" src=\"\/UserFiles\/Image\/Avgust2007vesti\/najosvetljeniji-deo-prve-ve.jpg\" \/><\/div>\n<p align=\"justify\" class=\"MsoNormal\"><font size=\"2\"><span style=\"font-family: Arial;\"><o:p><\/o:p><\/span><\/font><\/p>\n<div align=\"justify\">  <\/div>\n<div align=\"justify\">  <\/div>\n<div align=\"justify\">  <\/div>\n<p align=\"justify\" class=\"MsoNormal\"><font size=\"2\"><span style=\"font-family: Arial;\">\u00a0\u00a0\u00a0\u00a0\u00a0\u00a0\u00a0 Voditelj ove ve\u010deri, Jelena Sovilj, predsednica Ekolo\u0161kog dru\u0161tva &#8222;Gorocvet&#8220; koje je bilo suorganizator takmi\u010denja, posetioce je upoznala da je konkurs<span style=\"\">\u00a0 <\/span>raspisan u maju ove godine, a pravo da u\u010destvuju imala su sva doma\u0107instva sa podru\u010dja Titela koja su predala CD sa fotografijama svojih ba\u0161ti u Narodnu biblioteku &#8222;Stojan Trumi\u0107&#8220;. Prijavilo se 6 doma\u0107instava i to \u0110or\u0111e Crni\u0107, Zoran \u0110oki\u0107, \u0110or\u0111e \u0160arki\u0107, Du\u0161anka Ka\u0161lik, Sne\u017eana Pe\u0161ti i Nela Karata\u0161evski. Prikazano je po osam fotografija najlep\u0161ih ba\u0161ti, odnosno najlep\u0161ih dvori\u0161ta. Zatim su organizatori u mraku podelili listi\u0107e posetiocima koji su se opredeljivali za najlep\u0161u ba\u0161tu na osnovu fotografija svih \u0161est ba\u0161ti, ne znaju\u0107i imena u\u010desnika. Dok su prebrojavani glasovi prikazan je dokumentarni film o ubistvu velikog broja retkih ptica u na\u0161oj zemlji, a koje su se na\u0161le na trpezama talijanskih restorana.<br \/>\n\u00a0\u00a0\u00a0\u00a0\u00a0\u00a0\u00a0 Nakon prebrojavanja glasova za najlep\u0161u ba\u0161tu je progla\u0161ena ba\u0161ta broj tri, \u0110or\u0111e \u0160arki\u0107, dok je drugo mesto pripalo Neli Karata\u0161evski, odnosno ba\u0161ti broj \u0161est.<br \/>\n\u00a0\u00a0\u00a0\u00a0\u00a0\u00a0\u00a0 Ve\u0107ini posetilaca ostalo je nejasno za\u0161to je prvo ve\u010de Velikogospojinskih sve\u010danosti odr\u017eano u tako &#8222;mra\u010dnoj&#8220; atmosferi, pa nisu imali priliku da vide pobednike, za\u0161to je na konkursu u zvani\u010dnoj konkurenciji u\u010destvovao jedan od \u010dlanova organizatora, odnosno, direktor Narodne biblioteke &#8222;Stojan Trumi\u0107&#8220;.<br \/>\n\u00a0\u00a0\u00a0\u00a0\u00a0\u00a0\u00a0 <\/span><\/font><font size=\"2\"><span style=\"font-size: 10pt; font-family: Arial;\">Inicijatorima<span style=\"\">\u00a0 <\/span>ove lepe akcije mladim \u010dlanovima Ekolo\u0161kog dru\u0161tva &#8222;Gorocvet&#8220; puna podr\u0161ka za pokretanje akcije, ali bi trebali da analiziraju za\u0161to su imali izuzetno lo\u0161 odziv Titeljana, iako veliki broj ima prelepa dvori\u0161ta.<\/span><\/font><\/p>\n<p><strong>Autor:<\/strong> Du\u0161anka Buva\u010d<br \/>\n<strong>Datum:<\/strong> 23, 08, 2007.<\/p>\n","protected":false},"excerpt":{"rendered":"<p>Programom ovogodi\u0161njih Velikogospojinskih sve\u010danosti, ve\u0107 tradicionalne titelske manifestacije, prvo ve\u010de bilo je rezervisamo za videoprezentaciju fotografija sa konkursa &#8222;Biramo najlep\u0161u ba\u0161tu-balkon&#8220;.<\/p>\n","protected":false},"author":1,"featured_media":0,"comment_status":"open","ping_status":"open","sticky":false,"template":"","format":"standard","meta":{"footnotes":""},"categories":[1],"tags":[],"class_list":["post-31992","post","type-post","status-publish","format-standard","hentry","category-nekategorizovano"],"_links":{"self":[{"href":"https:\/\/ravnica.info\/arhiva\/index.php?rest_route=\/wp\/v2\/posts\/31992","targetHints":{"allow":["GET"]}}],"collection":[{"href":"https:\/\/ravnica.info\/arhiva\/index.php?rest_route=\/wp\/v2\/posts"}],"about":[{"href":"https:\/\/ravnica.info\/arhiva\/index.php?rest_route=\/wp\/v2\/types\/post"}],"author":[{"embeddable":true,"href":"https:\/\/ravnica.info\/arhiva\/index.php?rest_route=\/wp\/v2\/users\/1"}],"replies":[{"embeddable":true,"href":"https:\/\/ravnica.info\/arhiva\/index.php?rest_route=%2Fwp%2Fv2%2Fcomments&post=31992"}],"version-history":[{"count":0,"href":"https:\/\/ravnica.info\/arhiva\/index.php?rest_route=\/wp\/v2\/posts\/31992\/revisions"}],"wp:attachment":[{"href":"https:\/\/ravnica.info\/arhiva\/index.php?rest_route=%2Fwp%2Fv2%2Fmedia&parent=31992"}],"wp:term":[{"taxonomy":"category","embeddable":true,"href":"https:\/\/ravnica.info\/arhiva\/index.php?rest_route=%2Fwp%2Fv2%2Fcategories&post=31992"},{"taxonomy":"post_tag","embeddable":true,"href":"https:\/\/ravnica.info\/arhiva\/index.php?rest_route=%2Fwp%2Fv2%2Ftags&post=31992"}],"curies":[{"name":"wp","href":"https:\/\/api.w.org\/{rel}","templated":true}]}}