{"id":31991,"date":"2007-08-05T00:00:00","date_gmt":"2007-08-04T22:00:00","guid":{"rendered":"http:\/\/localhost\/ravnica\/2007\/08\/05\/srednja-skola-22-oktobar-u-zablju\/"},"modified":"2007-08-05T00:00:00","modified_gmt":"2007-08-04T22:00:00","slug":"srednja-skola-22-oktobar-u-zablju-2","status":"publish","type":"post","link":"https:\/\/ravnica.info\/arhiva\/?p=31991","title":{"rendered":"Srednja \u0161kola &#8220;22. oktobar&#8220; u \u017dablju"},"content":{"rendered":"<p style=\"text-align: justify;\"><strong>Dobrim uslovima rada do jo\u0161 boljih rezultata<\/strong><\/p>\n<p><!--more--><\/p>\n<div align=\"justify\">  <\/div>\n<div align=\"justify\">  <\/div>\n<div align=\"justify\">  <\/div>\n<p align=\"justify\" class=\"MsoNormal\" style=\"text-align: justify;\"><font size=\"2\"><span style=\"font-size: 10pt; font-family: Arial;\">\u00a0\u00a0\u00a0\u00a0\u00a0\u00a0\u00a0 Srednja \u0161kola &#8220;22. oktobar&#8220; u \u017dablju obrazuje u\u010denike u sedam profila: op\u0161ti tip gimnazije, ekonomski tehni\u010dar, ma\u0161inski tehni\u010dar za kompjutersko konstruisanje, kuvar, konobar, mehani\u010dar grejne i rashladne tehnike i automehani\u010dar. U prve razrede su planirali da upi\u0161u 150 u\u010denika i to su ostvarili ve\u0107 u prvom krugu, upisav\u0161i svega \u010detiri u\u010denika manje. Zato je drugi krug njima bio samo formalnost, jer su kvotu ve\u0107 prebacili za deset pa tako sada imaju upisanih 160 u\u010denika. To, prema re\u010dima direktora Miodraga Janjo\u0161a, samo zna\u010di da su dobro i pa\u017eljivo odabrana zanimanja za koja pripremaju decu, jer je ove krizne godine u osmim razredima u osnovnim \u0161kolama na teritoriji op\u0161tine \u017dabalj bilo \u010dak 52 u\u010denika manje! Upisano je pet odeljenja, a prema obrazovnim profilima situacija je slede\u0107a: gimnazija 30, ekonomski tehni\u010dar 36 (+6), ma\u0161inski tehni\u010dar za kompjutersko konstruisanje 30, kuvar 15, konobar 18 (+3), mehani\u010dar grejne i rashladne tehnike 16 (+1) i automehani\u010dar 15 u\u010denika. Iako je \u0160ajka\u0161u ovo najbli\u017ea srednja \u0161kola, ove godine je u \u017dablju upisano svega \u010detiri u\u010denika u prve razrede. Postoji autobuska linija koja funkcioni\u0161e samo za vreme trajanja nastave i koja u\u010denike prevozi do \u0160ajka\u0161a.<\/span><\/font><\/p>\n<div align=\"center\"><font size=\"2\"><span style=\"font-size: 10pt; font-family: Arial;\"><img loading=\"lazy\" decoding=\"async\" width=\"420\" height=\"315\" align=\"middle\" src=\"\/UserFiles\/Image\/Avgust2007vesti\/skola-22-oktobar.jpg\" alt=\"\" \/><\/span><\/font><\/div>\n<p align=\"justify\" class=\"MsoNormal\" style=\"text-align: justify;\"><font size=\"2\"><span style=\"font-size: 10pt; font-family: Arial;\">\u00a0\u00a0\u00a0\u00a0\u00a0\u00a0\u00a0  <span style=\"\"><\/span>I ove godine Srednja \u0161kola &#8220;22. oktobar&#8220; iz \u017dablja nastavlja sa dobrim rezultatima na u\u010deni\u010dkim takmi\u010denjima. Obraz \u0161kole je osvetlala Ljiljana Gojkov, u\u010denica trgova\u010dke \u0161kole, koja je republi\u010dki prvak, a spremala ju je profesor ekonomske grupe predmeta Mirjana Grkovi\u0107. Tu je i u\u010denik Budisav Beljanski iz Gospo\u0111inaca, koji je osvojio peto mesto na republi\u010dkom takmi\u010denju automehani\u010dara. I to je izvanredan uspeh, ako se uzme u obzir da je na takmi\u010denju u\u010destvovalo preko 120 \u0161kola. Pro\u0161le godine republi\u010dki prvak iz biologije bila je Bojana Blagojevi\u0107.<br \/>\n<span style=\"\">\u00a0\u00a0\u00a0\u00a0\u00a0\u00a0\u00a0\u00a0 <\/span>-Te\u0161ko je biti prvi u jednoj \u0161koli, a kamoli u Republici. Kome to nije jasno, neka iza\u0111e na crtu i neka proba da to ostvari \u2013 kategori\u010dan je direktor Janjo\u0161.<br \/>\n<span style=\"\">\u00a0\u00a0\u00a0\u00a0\u00a0\u00a0\u00a0\u00a0\u00a0 <\/span>Nastava u Srednjoj \u0161koli &#8220;22. oktobar&#8220; u \u017dablju odvija se samo u prepodnevnoj smeni, \u0161to je velika prednost za sve njene polaznike. Pro\u0161le godine uvedeno je centralno grejanje u \u0161koli, a ove godine grejanje bi trebalo da se zavr\u0161i u \u0161kolskim radionicama. Otvoren je i multimedijalni kabinet, dva video bima (jedan prenosivi), grade se dve velike u\u010dionice u \u0161kolskim radionicama gde se zavr\u0161ava i mokri \u010dvor.<br \/>\n<\/span><\/font><font size=\"2\"><span style=\"font-size: 10pt; font-family: Arial;\"><span style=\"\">\u00a0\u00a0\u00a0\u00a0\u00a0\u00a0\u00a0 <\/span>-Sa novim investicijama i proverenim nastavnim kadrom garantujemo jo\u0161 bolje stru\u010dno obrazovanje na\u0161ih u\u010denika, koji svojim znanjem i ume\u0107em afirmi\u0161u sebe, na\u0161u \u0161kolu i na\u0161u malu sredinu \u2013 rekao nam je na kraju direktor Miodrag Janjo\u0161.<\/span><\/font><\/p>\n<p><strong>Autor:<\/strong> Nikola D. Turajli\u0107<br \/>\n<strong>Datum:<\/strong> 05, 08, 2007.<\/p>\n","protected":false},"excerpt":{"rendered":"<p>Dobrim uslovima rada do jo\u0161 boljih rezultata<\/p>\n","protected":false},"author":1,"featured_media":0,"comment_status":"open","ping_status":"open","sticky":false,"template":"","format":"standard","meta":{"footnotes":""},"categories":[1],"tags":[],"class_list":["post-31991","post","type-post","status-publish","format-standard","hentry","category-nekategorizovano"],"_links":{"self":[{"href":"https:\/\/ravnica.info\/arhiva\/index.php?rest_route=\/wp\/v2\/posts\/31991","targetHints":{"allow":["GET"]}}],"collection":[{"href":"https:\/\/ravnica.info\/arhiva\/index.php?rest_route=\/wp\/v2\/posts"}],"about":[{"href":"https:\/\/ravnica.info\/arhiva\/index.php?rest_route=\/wp\/v2\/types\/post"}],"author":[{"embeddable":true,"href":"https:\/\/ravnica.info\/arhiva\/index.php?rest_route=\/wp\/v2\/users\/1"}],"replies":[{"embeddable":true,"href":"https:\/\/ravnica.info\/arhiva\/index.php?rest_route=%2Fwp%2Fv2%2Fcomments&post=31991"}],"version-history":[{"count":0,"href":"https:\/\/ravnica.info\/arhiva\/index.php?rest_route=\/wp\/v2\/posts\/31991\/revisions"}],"wp:attachment":[{"href":"https:\/\/ravnica.info\/arhiva\/index.php?rest_route=%2Fwp%2Fv2%2Fmedia&parent=31991"}],"wp:term":[{"taxonomy":"category","embeddable":true,"href":"https:\/\/ravnica.info\/arhiva\/index.php?rest_route=%2Fwp%2Fv2%2Fcategories&post=31991"},{"taxonomy":"post_tag","embeddable":true,"href":"https:\/\/ravnica.info\/arhiva\/index.php?rest_route=%2Fwp%2Fv2%2Ftags&post=31991"}],"curies":[{"name":"wp","href":"https:\/\/api.w.org\/{rel}","templated":true}]}}