{"id":31988,"date":"2007-06-10T00:00:00","date_gmt":"2007-06-09T22:00:00","guid":{"rendered":"http:\/\/localhost\/ravnica\/2007\/06\/10\/odrzan-godisnji-koncert-kud-a-sajkas\/"},"modified":"2007-06-10T00:00:00","modified_gmt":"2007-06-09T22:00:00","slug":"odrzan-godisnji-koncert-kud-a-sajkas-2","status":"publish","type":"post","link":"https:\/\/ravnica.info\/arhiva\/?p=31988","title":{"rendered":"Odr\u017ean godi\u0161nji koncert KUD-a &#8220;\u0160ajka\u0161&#8220;"},"content":{"rendered":"<p style=\"text-align: justify;\"><strong>Nezaboravno ve\u010de pesama i igara<\/strong><\/p>\n<p><!--more--><\/p>\n<div align=\"justify\">  <\/div>\n<div align=\"justify\">  <\/div>\n<p align=\"justify\" class=\"MsoNormal\" style=\"text-align: justify;\"><font size=\"2\"><span style=\"font-size: 10pt; font-family: Arial;\"><img loading=\"lazy\" decoding=\"async\" width=\"275\" height=\"206\" align=\"left\" src=\"\/UserFiles\/Image\/Jun2007vesti\/KUD-Sajkas.jpg\" alt=\"\" \/>\u00a0\u00a0\u00a0\u00a0\u00a0\u00a0\u00a0 U holu Osnovne \u0161kole &#8220;Isidora Sekuli\u0107&#8220; u \u0160ajka\u0161u proteklog vikenda odr\u017ean je godi\u0161nji koncert Kulturno-umetni\u010dkog dru\u0161tva &#8220;\u0160ajka\u0161&#8220;. Folklora\u0161i KUD-a su celove\u010dernjim koncertom pokazali publici \u0161ta su uradili za samo godinu dana postojanja. A publika je imala \u0161ta i da vidi. Bilo je to nezaboravno ve\u010de pesama i igara. Ako se zna da u \u0160ajka\u0161u samo pre godinu dana nije postojala nikakva kulturno-umetni\u010dka aktivnost ove vrste, onda je to ogroman napredak za ovu sredinu. Zahvaljuju\u0107i, pre svega, \u010dlanovima Dru\u0161tva koji su svojim volonterskim radom i entuzijazmom nosioci svih aktivnosti, stru\u010dnom radu koreografa Vuka Vu\u010dini\u0107a i korepetitora Vlade Stevanovi\u0107a, masovnosti i talentovanosti dece i omladine kao i razumevanju sredine, KUD &#8220;\u0160ajka\u0161&#8220; postaje matica koja okuplja poslenike na o\u010duvanju, unapre\u0111enju i afirmaciji na\u0161eg kulturnog nasle\u0111a. Iako na po\u010detku osporavan, KUD je za samo godinu dana pokazao da je na pravom putu da preraste u instituciju koja \u0107e na najlep\u0161i na\u010din promovisati ime \u0160ajka\u0161a Vojvodinom, Srbijom pa i \u0161ire.<\/span><\/font><\/p>\n<div align=\"center\"><font size=\"2\"><span style=\"font-size: 10pt; font-family: Arial;\"><img loading=\"lazy\" decoding=\"async\" width=\"420\" height=\"315\" align=\"middle\" src=\"\/UserFiles\/Image\/Jun2007vesti\/Miso-Blizanac.jpg\" alt=\"\" \/><\/span><\/font><\/div>\n<p align=\"justify\" class=\"MsoNormal\" style=\"text-align: justify;\"><font size=\"2\"><span style=\"font-size: 10pt; font-family: Arial;\">\u00a0<span style=\"\">\u00a0\u00a0\u00a0\u00a0\u00a0\u00a0\u00a0\u00a0\u00a0 <\/span>KUD &#8220;\u0160ajka\u0161&#8220; je za godinu dana postojanja uspeo da uz pomo\u0107 Mesne zajednice, Op\u0161tine, brojnih sponzora i gra\u0111ana stvori dobre uslove za rad, ure\u0111enjem Omladinske sale i pomo\u0107nih prostorija i kupovinom no\u0161nji za nekoliko razli\u010ditih koreografija. \u0160ajka\u0161 je jedino naselje u Op\u0161tini Titel (a drugo je po veli\u010dini) u kome Dom kulture nije u funkciji. A bez Doma kulture nema ni koncerata. Ne mogu se koncerti ve\u010dno odr\u017eavati u holu \u0161kole ili na pijaci!<br \/>\n<span style=\"\">\u00a0\u00a0\u00a0\u00a0\u00a0\u00a0\u00a0\u00a0\u00a0 <\/span>Na samom godi\u0161njem koncertu, pred velikim brojem posetilaca, prvi su nastupili leptiri\u0107i, najmla\u0111a folklorna grupa, koji su svojim pesmama i igrama odu\u0161evili prisutne, a ispra\u0107eni su gromkim aplauzom kao mlade nade Dru\u0161tva. Srednja folklorna grupa, koju \u010dine osnovci od \u010detvrtog do \u0161estog razreda, izveli su splet igara iz Srbije, predstaviv\u0161i se kao veoma talentovana i ozbiljna grupa. Vokalni solista Mi\u0161a Blizanac, koji uvek rado nastupa pred svojim \u0160ajka\u0161anima, ovoga puta im je poklonio nekoliko makedonskih pesama, a sa najmla\u0111ima je pevao i de\u010dje pesmice. Koreograf Vuk Vu\u010dini\u0107 je na veliko iznena\u0111enje prisutnih, uz gusle otpevao pesmu o kosovskom boju. Mladi Dejan Kuzmanovi\u0107 je uz pratnju orkestra KUD-a pokazao svoje ume\u0107e sa frulom. Najvi\u0161e se o\u010dekivalo od prve postave KUD-a, koja je izvela splet igara iz Srbije, Vojvodine i srpske igre iz Dalmacije. Oni su o\u010dekivanja i opravdali \u0161to je publika nagradila pravim ovacijama. Program je vodila Jovana \u010cenejac.<br \/>\n<\/span><\/font><font size=\"2\"><span style=\"font-size: 10pt; font-family: Arial;\"><span style=\"\">\u00a0\u00a0\u00a0\u00a0\u00a0\u00a0\u00a0\u00a0\u00a0 <\/span>Dru\u017eenje je i posle programa nastavljeno uz tortu, ve\u010deru i muziku sve do ranih jutarnjih sati.<\/span><\/font><\/p>\n<div align=\"center\"><font size=\"2\"><span style=\"font-size: 10pt; font-family: Arial;\"><img loading=\"lazy\" decoding=\"async\" width=\"420\" height=\"315\" align=\"middle\" src=\"\/UserFiles\/Image\/Jun2007vesti\/Publika-Sajkas-KUD.jpg\" alt=\"\" \/><br \/>\n<\/span><\/font><\/div>\n<p><strong>Autor:<\/strong> Nikola D. Turajli\u0107<br \/>\n<strong>Datum:<\/strong> 10, 06, 2007.<\/p>\n","protected":false},"excerpt":{"rendered":"<p>Nezaboravno ve\u010de pesama i igara<\/p>\n","protected":false},"author":1,"featured_media":0,"comment_status":"open","ping_status":"open","sticky":false,"template":"","format":"standard","meta":{"footnotes":""},"categories":[1],"tags":[],"class_list":["post-31988","post","type-post","status-publish","format-standard","hentry","category-nekategorizovano"],"_links":{"self":[{"href":"https:\/\/ravnica.info\/arhiva\/index.php?rest_route=\/wp\/v2\/posts\/31988","targetHints":{"allow":["GET"]}}],"collection":[{"href":"https:\/\/ravnica.info\/arhiva\/index.php?rest_route=\/wp\/v2\/posts"}],"about":[{"href":"https:\/\/ravnica.info\/arhiva\/index.php?rest_route=\/wp\/v2\/types\/post"}],"author":[{"embeddable":true,"href":"https:\/\/ravnica.info\/arhiva\/index.php?rest_route=\/wp\/v2\/users\/1"}],"replies":[{"embeddable":true,"href":"https:\/\/ravnica.info\/arhiva\/index.php?rest_route=%2Fwp%2Fv2%2Fcomments&post=31988"}],"version-history":[{"count":0,"href":"https:\/\/ravnica.info\/arhiva\/index.php?rest_route=\/wp\/v2\/posts\/31988\/revisions"}],"wp:attachment":[{"href":"https:\/\/ravnica.info\/arhiva\/index.php?rest_route=%2Fwp%2Fv2%2Fmedia&parent=31988"}],"wp:term":[{"taxonomy":"category","embeddable":true,"href":"https:\/\/ravnica.info\/arhiva\/index.php?rest_route=%2Fwp%2Fv2%2Fcategories&post=31988"},{"taxonomy":"post_tag","embeddable":true,"href":"https:\/\/ravnica.info\/arhiva\/index.php?rest_route=%2Fwp%2Fv2%2Ftags&post=31988"}],"curies":[{"name":"wp","href":"https:\/\/api.w.org\/{rel}","templated":true}]}}