{"id":31987,"date":"2007-06-06T00:00:00","date_gmt":"2007-06-05T22:00:00","guid":{"rendered":"http:\/\/localhost\/ravnica\/2007\/06\/06\/godisnji-koncert-kud-a-sajkas\/"},"modified":"2007-06-06T00:00:00","modified_gmt":"2007-06-05T22:00:00","slug":"godisnji-koncert-kud-a-sajkas-2","status":"publish","type":"post","link":"https:\/\/ravnica.info\/arhiva\/?p=31987","title":{"rendered":"Godi\u0161nji  koncert  KUD-a &#8220;\u0160ajka\u0161&#8220;"},"content":{"rendered":"<p style=\"text-align: justify;\"><strong>U petak, 8. juna, u holu Osnovne \u0161kole &#8220;Isidora Sekuli\u0107&#8220; u \u0160ajka\u0161u odr\u017ea\u0107e se godi\u0161nji koncert Kulturno-umetni\u010dkog dru\u0161tva &#8220;\u0160ajka\u0161&#8220;.<\/strong><\/p>\n<p><!--more--><\/p>\n<div align=\"center\"><font size=\"2\"><span style=\"font-size: 10pt; font-family: Arial;\"><img loading=\"lazy\" decoding=\"async\" width=\"420\" height=\"315\" align=\"middle\" src=\"\/UserFiles\/Image\/Jun2007vesti\/AKUD-Sajkas.jpg\" alt=\"\" \/><br \/>\n<\/span><\/font><\/div>\n<p align=\"justify\" class=\"MsoNormal\" style=\"text-align: justify;\"><font size=\"2\"><span style=\"font-size: 10pt; font-family: Arial;\">\u00a0\u00a0\u00a0\u00a0\u00a0\u00a0\u00a0 Bi\u0107e to prilika da gra\u0111ani koji vole folklor vide \u0161ta je KUD uradio za tek ne\u0161to vi\u0161e od godinu dana postojanja. U programu u\u010destvuju leptiri\u0107i, mla\u0111a i starija folklorna grupa i orkestar KUD-a. Gosti programa su Mi\u0161a Blizanac, vokalni solista, Gojko Todorovi\u0107, knji\u017eevnik i glumac i Vuk Vu\u010dini\u0107, guslar. Voditelj programa je Jovana \u010cenejac. <o:p><\/o:p><\/span><\/font><\/p>\n<p><font size=\"2\"><span style=\"font-size: 10pt; font-family: Arial;\"><span style=\"\">\u00a0\u00a0\u00a0\u00a0\u00a0\u00a0\u00a0\u00a0\u00a0 <\/span>Koncert po\u010dinje u 19 \u010dasova.<\/span><\/font><br \/>\n<strong>Autor:<\/strong> Nikola D. Turajli\u0107<br \/>\n<strong>Datum:<\/strong> 06, 06, 2007.<\/p>\n","protected":false},"excerpt":{"rendered":"<p>U petak, 8. juna, u holu Osnovne \u0161kole &#8220;Isidora Sekuli\u0107&#8220; u \u0160ajka\u0161u odr\u017ea\u0107e se godi\u0161nji koncert Kulturno-umetni\u010dkog dru\u0161tva &#8220;\u0160ajka\u0161&#8220;.<\/p>\n","protected":false},"author":1,"featured_media":0,"comment_status":"open","ping_status":"open","sticky":false,"template":"","format":"standard","meta":{"footnotes":""},"categories":[1],"tags":[],"class_list":["post-31987","post","type-post","status-publish","format-standard","hentry","category-nekategorizovano"],"_links":{"self":[{"href":"https:\/\/ravnica.info\/arhiva\/index.php?rest_route=\/wp\/v2\/posts\/31987","targetHints":{"allow":["GET"]}}],"collection":[{"href":"https:\/\/ravnica.info\/arhiva\/index.php?rest_route=\/wp\/v2\/posts"}],"about":[{"href":"https:\/\/ravnica.info\/arhiva\/index.php?rest_route=\/wp\/v2\/types\/post"}],"author":[{"embeddable":true,"href":"https:\/\/ravnica.info\/arhiva\/index.php?rest_route=\/wp\/v2\/users\/1"}],"replies":[{"embeddable":true,"href":"https:\/\/ravnica.info\/arhiva\/index.php?rest_route=%2Fwp%2Fv2%2Fcomments&post=31987"}],"version-history":[{"count":0,"href":"https:\/\/ravnica.info\/arhiva\/index.php?rest_route=\/wp\/v2\/posts\/31987\/revisions"}],"wp:attachment":[{"href":"https:\/\/ravnica.info\/arhiva\/index.php?rest_route=%2Fwp%2Fv2%2Fmedia&parent=31987"}],"wp:term":[{"taxonomy":"category","embeddable":true,"href":"https:\/\/ravnica.info\/arhiva\/index.php?rest_route=%2Fwp%2Fv2%2Fcategories&post=31987"},{"taxonomy":"post_tag","embeddable":true,"href":"https:\/\/ravnica.info\/arhiva\/index.php?rest_route=%2Fwp%2Fv2%2Ftags&post=31987"}],"curies":[{"name":"wp","href":"https:\/\/api.w.org\/{rel}","templated":true}]}}