{"id":27379,"date":"2012-07-31T00:00:00","date_gmt":"2012-07-30T22:00:00","guid":{"rendered":"http:\/\/localhost\/ravnica\/2012\/07\/31\/sasa-jankovic-prihvata-kandidaturu-za-jos-jedan-mandat\/"},"modified":"2012-07-31T00:00:00","modified_gmt":"2012-07-30T22:00:00","slug":"sasa-jankovic-prihvata-kandidaturu-za-jos-jedan-mandat","status":"publish","type":"post","link":"https:\/\/ravnica.info\/arhiva\/?p=27379","title":{"rendered":"Sa\u0161a Jankovi\u0107 prihvata kandidaturu za jo\u0161 jedan mandat"},"content":{"rendered":"<p style=\"text-align: justify;\"><strong>BEOGRAD: Biv\u0161i za\u0161titnik gra\u0111ana Sa\u0161a Jankovi\u0107 izjavio je da \u0107e prihvatiti kandidaturu za jo\u0161 jedan petogodi\u0161nji mandat.<\/strong><\/p>\n<p><!--more--><\/p>\n<p style=\"text-align: justify; \">\n\t<img loading=\"lazy\" decoding=\"async\" align=\"left\" alt=\"\" height=\"55\" hspace=\"6\" src=\"\/UserFiles\/Image\/Jul2012\/sasa_jankovic_130x55.jpg\" vspace=\"6\" width=\"130\" \/><\/p>\n<p style=\"text-align: justify; \">\n\t\u00a0<\/p>\n<p style=\"text-align: justify; \">\n\tU izjavi za dnevni list &#8222;Danas&#8220;, Jankovi\u0107 je rekao da \u0107e o uslovima pod kojima \u0107e prihvatiti kandidaturu mo\u0107i da govori tek sredinom ove sedmice.<\/p>\n<p>\tSkup\u0161tina Srbije bi trebalo da ove sedmice odlu\u010duje o izboru za\u0161titnika gra\u0111ana.<\/p>\n<p style=\"text-align: justify; \">\n\t<a href=\"http:\/\/rtv.rs\/sr_lat\/drustvo\/sasa-jankovic-prihvata-kandidaturu-za-jos-jedan-mandat_333879.html\" target=\"_blank\" rel=\"noopener noreferrer\"><span class=\"Apple-style-span\" style=\"font-family: 'helvetica neue light', helvetica, arial, sans-serif; color: rgb(0, 0, 0); \">Kliknite ovde da biste videli vest u celini na sajtu\u00a0<b style=\"padding: 0px; margin: 0px; \">rtv.rs \u00bb<\/b><\/span><\/a><\/p>\n<p><strong>Autor:<\/strong> Redakcija<br \/>\n<strong>Datum:<\/strong> 31, 07, 2012.<\/p>\n","protected":false},"excerpt":{"rendered":"<p>BEOGRAD: Biv\u0161i za\u0161titnik gra\u0111ana Sa\u0161a Jankovi\u0107 izjavio je da \u0107e prihvatiti kandidaturu za jo\u0161 jedan petogodi\u0161nji mandat.<\/p>\n","protected":false},"author":1,"featured_media":0,"comment_status":"open","ping_status":"open","sticky":false,"template":"","format":"standard","meta":{"footnotes":""},"categories":[1],"tags":[],"class_list":["post-27379","post","type-post","status-publish","format-standard","hentry","category-nekategorizovano"],"_links":{"self":[{"href":"https:\/\/ravnica.info\/arhiva\/index.php?rest_route=\/wp\/v2\/posts\/27379","targetHints":{"allow":["GET"]}}],"collection":[{"href":"https:\/\/ravnica.info\/arhiva\/index.php?rest_route=\/wp\/v2\/posts"}],"about":[{"href":"https:\/\/ravnica.info\/arhiva\/index.php?rest_route=\/wp\/v2\/types\/post"}],"author":[{"embeddable":true,"href":"https:\/\/ravnica.info\/arhiva\/index.php?rest_route=\/wp\/v2\/users\/1"}],"replies":[{"embeddable":true,"href":"https:\/\/ravnica.info\/arhiva\/index.php?rest_route=%2Fwp%2Fv2%2Fcomments&post=27379"}],"version-history":[{"count":0,"href":"https:\/\/ravnica.info\/arhiva\/index.php?rest_route=\/wp\/v2\/posts\/27379\/revisions"}],"wp:attachment":[{"href":"https:\/\/ravnica.info\/arhiva\/index.php?rest_route=%2Fwp%2Fv2%2Fmedia&parent=27379"}],"wp:term":[{"taxonomy":"category","embeddable":true,"href":"https:\/\/ravnica.info\/arhiva\/index.php?rest_route=%2Fwp%2Fv2%2Fcategories&post=27379"},{"taxonomy":"post_tag","embeddable":true,"href":"https:\/\/ravnica.info\/arhiva\/index.php?rest_route=%2Fwp%2Fv2%2Ftags&post=27379"}],"curies":[{"name":"wp","href":"https:\/\/api.w.org\/{rel}","templated":true}]}}