{"id":24787,"date":"2012-04-30T00:00:00","date_gmt":"2012-04-29T22:00:00","guid":{"rendered":"http:\/\/localhost\/ravnica\/2012\/04\/30\/turci-kupili-niksicku-zeljezaru\/"},"modified":"2012-04-30T00:00:00","modified_gmt":"2012-04-29T22:00:00","slug":"turci-kupili-niksicku-zeljezaru","status":"publish","type":"post","link":"https:\/\/ravnica.info\/arhiva\/?p=24787","title":{"rendered":"Turci kupili nik\u0161i\u0107ku \u017deljezaru"},"content":{"rendered":"<p style=\"text-align: justify;\"><strong>PODGORICA: Turska kompanija &#8222;To\u0161\u010delik&#8220; kupila je danas nik\u0161i\u0107ku \u017deljezaru za 15,1 miliona evra, na tre\u0107em tenderu za prodaju te fabrike.<\/strong><\/p>\n<p><!--more--><\/p>\n<p style=\"text-align: justify; \">\n\t<img loading=\"lazy\" decoding=\"async\" align=\"left\" alt=\"\" height=\"55\" hspace=\"6\" src=\"\/UserFiles\/Image\/April2012\/zeljezara-niksic_130x55.jpg\" vspace=\"6\" width=\"130\" \/><\/p>\n<p style=\"text-align: justify; \">\n\t\u00a0<\/p>\n<p style=\"text-align: justify; \">\n\tNa javnoj licitaciji u Privrednom sudu u Podgorici, na kojoj je u\u010destvovala i kompanija &#8222;Neksan&#8220; iz Nik\u0161i\u0107a, turska firma je ponudila najve\u0107u cenu za nik\u0161i\u0107ku fabriku, odnosno 15,1 milion evra.<\/p>\n<p>\tPreduze\u0107e &#8222;Neksan&#8220;, biznismena Miodraga Davidovi\u0107a, ponudilo je 15 miliona evra, \u0161to je tenderom predvi\u0111ena minimalna cena za kupovinu \u017deljezare.<\/p>\n<p>\tNa prva dva tendera nik\u0161i\u0107ka \u017deljezara je nu\u0111ena za 30 miliona evra, pa za 21 milion, ali nije bilo zainteresovanih kupaca.<\/p>\n<p>\tPotom je raspisan tre\u0107i oglas za prodaju \u017deljezare, po po\u010detnoj ceni od 15 miliona evra.<\/p>\n<p>\tNeksan od maja pro\u0161le godine organizuje proizvodnju u \u017deljazari.<\/p>\n<p style=\"text-align: justify; \">\n\t<a href=\"http:\/\/rtv.rs\/sr_lat\/region\/turci-kupili-niksicku-zeljezaru_316312.html\" target=\"_blank\" rel=\"noopener noreferrer\"><span class=\"Apple-style-span\" style=\"font-family: 'helvetica neue light', helvetica, arial, sans-serif; color: rgb(0, 0, 0); \">Kliknite ovde da biste videli vest u celini na sajtu\u00a0<\/span><span class=\"Apple-style-span\" style=\"font-family: 'helvetica neue light', helvetica, arial, sans-serif; color: rgb(0, 0, 0); \"><b style=\"padding-bottom: 0px; margin-top: 0px; margin-right: 0px; margin-bottom: 0px; margin-left: 0px; padding-left: 0px; padding-right: 0px; padding-top: 0px; \">rtv.rs \u00bb<\/b><\/span><\/a><\/p>\n<p><strong>Autor:<\/strong> Redakcija<br \/>\n<strong>Datum:<\/strong> 30, 04, 2012.<\/p>\n","protected":false},"excerpt":{"rendered":"<p>PODGORICA: Turska kompanija &#8222;To\u0161\u010delik&#8220; kupila je danas nik\u0161i\u0107ku \u017deljezaru za 15,1 miliona evra, na tre\u0107em tenderu za prodaju te fabrike.<\/p>\n","protected":false},"author":1,"featured_media":0,"comment_status":"open","ping_status":"open","sticky":false,"template":"","format":"standard","meta":{"footnotes":""},"categories":[1],"tags":[],"class_list":["post-24787","post","type-post","status-publish","format-standard","hentry","category-nekategorizovano"],"_links":{"self":[{"href":"https:\/\/ravnica.info\/arhiva\/index.php?rest_route=\/wp\/v2\/posts\/24787","targetHints":{"allow":["GET"]}}],"collection":[{"href":"https:\/\/ravnica.info\/arhiva\/index.php?rest_route=\/wp\/v2\/posts"}],"about":[{"href":"https:\/\/ravnica.info\/arhiva\/index.php?rest_route=\/wp\/v2\/types\/post"}],"author":[{"embeddable":true,"href":"https:\/\/ravnica.info\/arhiva\/index.php?rest_route=\/wp\/v2\/users\/1"}],"replies":[{"embeddable":true,"href":"https:\/\/ravnica.info\/arhiva\/index.php?rest_route=%2Fwp%2Fv2%2Fcomments&post=24787"}],"version-history":[{"count":0,"href":"https:\/\/ravnica.info\/arhiva\/index.php?rest_route=\/wp\/v2\/posts\/24787\/revisions"}],"wp:attachment":[{"href":"https:\/\/ravnica.info\/arhiva\/index.php?rest_route=%2Fwp%2Fv2%2Fmedia&parent=24787"}],"wp:term":[{"taxonomy":"category","embeddable":true,"href":"https:\/\/ravnica.info\/arhiva\/index.php?rest_route=%2Fwp%2Fv2%2Fcategories&post=24787"},{"taxonomy":"post_tag","embeddable":true,"href":"https:\/\/ravnica.info\/arhiva\/index.php?rest_route=%2Fwp%2Fv2%2Ftags&post=24787"}],"curies":[{"name":"wp","href":"https:\/\/api.w.org\/{rel}","templated":true}]}}