{"id":21303,"date":"2011-11-30T00:00:00","date_gmt":"2011-11-29T23:00:00","guid":{"rendered":"http:\/\/localhost\/ravnica\/2011\/11\/30\/u-csrns-sigurna-zenska-kuca-novi-sad-obelezila-5-godina-postojanja\/"},"modified":"2011-11-30T00:00:00","modified_gmt":"2011-11-29T23:00:00","slug":"u-csrns-sigurna-zenska-kuca-novi-sad-obelezila-5-godina-postojanja","status":"publish","type":"post","link":"https:\/\/ravnica.info\/arhiva\/?p=21303","title":{"rendered":"U CSRNS Sigurna \u017eenska ku\u0107a Novi Sad obele\u017eila 5 godina postojanja"},"content":{"rendered":"<p style=\"text-align: justify;\"><strong>NOVI SAD: Akcijom &#8222;Prekini ti\u0161inu&#8220; Centar za socijalni rad grada Novog Sada obele\u017eava manifestaciju &#8222;16 dana aktivizma protiv nasilja nad \u017eenama&#8220;, a danas je obele\u017eeno i pet godina postojanja i rada Sigurne \u017eenske ku\u0107e pri Centru za socijalni rad grada Novog Sada.<\/strong><\/p>\n<p><!--more--><\/p>\n<p style=\"text-align: justify;\">\n\t\u00a0<\/p>\n<p style=\"text-align: center;\">\n\t<img loading=\"lazy\" decoding=\"async\" align=\"middle\" alt=\"\" height=\"390\" src=\"\/UserFiles\/Image\/Decembar2011\/csr-novi-sad.jpg\" width=\"520\" \/><\/p>\n<p style=\"text-align: justify;\">\n\t\u00a0<\/p>\n<p style=\"text-align: justify;\">\n\t\u00a0\u00a0\u00a0\u00a0\u00a0\u00a0\u00a0 U toku pet godina, kroz <a href=\"http:\/\/www.csrns.org.rs\/sigurnakuca\/\" target=\"_blank\" rel=\"noopener noreferrer\">Sigurnu \u017eensku ku\u0107u<\/a> pro\u0161la je 341 \u017eena i 122 dece. Iz godine u godinu podaci pokazuju da je nasilje u porodici u stalnom porastu, kazao je direktor <a href=\"http:\/\/www.csrns.org.rs\/\" target=\"_blank\" rel=\"noopener noreferrer\">Centra za socijalni rad<\/a> Gojko Vojnovi\u0107. On je dodao da je Novi Sad me\u0111u prvim gradovima u Srbiji koji je prepoznao problem nasilja nad \u017eenama i krenuo u izgradnju Sigurne \u017eenske ku\u0107e, koja je sada u redovnoj delatnosti Centra.<br \/>\n\t\u00a0\u00a0\u00a0\u00a0\u00a0\u00a0\u00a0 Za potrebe Sigurne \u017eenske ku\u0107e, ove godine iz bud\u017eeta grada izdvojeno je 14 miliona dinara. Kampanja &#8222;16 dana aktivizma protiv nasilja nad \u017eenama&#8220; organizuje se u vi\u0161e od 100 dr\u017eava sveta. Svake godine po\u010dinje 25. novembra, na Me\u0111unarodni dan borbe protiv nasilja nad \u017eenama, a zavr\u0161ava se 10. decembra na Me\u0111unarodni dan ljudskih prava.<\/p>\n<p style=\"text-align: justify;\">\n\t\u00a0<\/p>\n<p><center><\/p>\n<p>\n\t\t<iframe loading=\"lazy\" allowfullscreen=\"\" frameborder=\"0\" height=\"294\" src=\"http:\/\/www.youtube.com\/embed\/rgcKL3fuhjM\" width=\"520\"><\/iframe><\/p>\n<p style=\"text-align: justify;\">\n\t\tIzvor: <a href=\"http:\/\/enovisad.rs\/content\/view\/7362\/520\/lang,serbian\/\" target=\"_blank\" rel=\"noopener noreferrer\">Novosadska TV<\/a>, <a href=\"http:\/\/www.panonija.tv\/vest.php?no=1145\" target=\"_blank\" rel=\"noopener noreferrer\">TV Panonija<\/a><\/p>\n<p><\/center><br \/>\n<strong>Autor:<\/strong> Redakcija<br \/>\n<strong>Datum:<\/strong> 30, 11, 2011.<\/p>\n","protected":false},"excerpt":{"rendered":"<p>NOVI SAD: Akcijom &#8222;Prekini ti\u0161inu&#8220; Centar za socijalni rad grada Novog Sada obele\u017eava manifestaciju &#8222;16 dana aktivizma protiv nasilja nad \u017eenama&#8220;, a danas je obele\u017eeno i pet godina postojanja i rada Sigurne \u017eenske ku\u0107e pri Centru za socijalni rad grada Novog Sada.<\/p>\n","protected":false},"author":1,"featured_media":0,"comment_status":"open","ping_status":"open","sticky":false,"template":"","format":"standard","meta":{"footnotes":""},"categories":[1],"tags":[],"class_list":["post-21303","post","type-post","status-publish","format-standard","hentry","category-nekategorizovano"],"_links":{"self":[{"href":"https:\/\/ravnica.info\/arhiva\/index.php?rest_route=\/wp\/v2\/posts\/21303","targetHints":{"allow":["GET"]}}],"collection":[{"href":"https:\/\/ravnica.info\/arhiva\/index.php?rest_route=\/wp\/v2\/posts"}],"about":[{"href":"https:\/\/ravnica.info\/arhiva\/index.php?rest_route=\/wp\/v2\/types\/post"}],"author":[{"embeddable":true,"href":"https:\/\/ravnica.info\/arhiva\/index.php?rest_route=\/wp\/v2\/users\/1"}],"replies":[{"embeddable":true,"href":"https:\/\/ravnica.info\/arhiva\/index.php?rest_route=%2Fwp%2Fv2%2Fcomments&post=21303"}],"version-history":[{"count":0,"href":"https:\/\/ravnica.info\/arhiva\/index.php?rest_route=\/wp\/v2\/posts\/21303\/revisions"}],"wp:attachment":[{"href":"https:\/\/ravnica.info\/arhiva\/index.php?rest_route=%2Fwp%2Fv2%2Fmedia&parent=21303"}],"wp:term":[{"taxonomy":"category","embeddable":true,"href":"https:\/\/ravnica.info\/arhiva\/index.php?rest_route=%2Fwp%2Fv2%2Fcategories&post=21303"},{"taxonomy":"post_tag","embeddable":true,"href":"https:\/\/ravnica.info\/arhiva\/index.php?rest_route=%2Fwp%2Fv2%2Ftags&post=21303"}],"curies":[{"name":"wp","href":"https:\/\/api.w.org\/{rel}","templated":true}]}}