{"id":21271,"date":"2011-12-02T00:00:00","date_gmt":"2011-12-01T23:00:00","guid":{"rendered":"http:\/\/localhost\/ravnica\/2011\/12\/02\/vise-hiljada-dece-prosi-u-srbiji\/"},"modified":"2011-12-02T00:00:00","modified_gmt":"2011-12-01T23:00:00","slug":"vise-hiljada-dece-prosi-u-srbiji","status":"publish","type":"post","link":"https:\/\/ravnica.info\/arhiva\/?p=21271","title":{"rendered":"Vi\u0161e hiljada dece prosi u Srbiji"},"content":{"rendered":"<p style=\"text-align: justify;\"><strong>BEOGRAD: Procenjuje se da u Srbiji ima vi\u0161e hiljada dece koja prose, ali pouzdane evidencije nema, re\u010deno je danas u Beogradu na predstavljanju izve\u0161taja o de\u010djem prosja\u010denju u Srbiji koji je objavila kancelarija Za\u0161titnika gra\u0111ana.<\/strong><\/p>\n<p><!--more--><\/p>\n<p style=\"text-align: justify;\">\n\t<img loading=\"lazy\" decoding=\"async\" align=\"left\" alt=\"\" height=\"55\" hspace=\"6\" src=\"\/UserFiles\/Image\/Decembar2011\/prosjak_130x55.jpg\" vspace=\"6\" width=\"130\" \/><\/p>\n<p style=\"text-align: justify;\">\n\t\u00a0<\/p>\n<p style=\"text-align: justify;\">\n\tFilip Bir\u010danin iz Centra za integraciju mladih rekao je na promociji u Medija centru da je tokom izrade izve\u0161taja 35 centara za socijalni rad prijavilo 225 dece koja prose, ali je ocenio da je taj broj sigurno neuporedivo ve\u0107i.<\/p>\n<p>\tOn je naveo da je, da bi se dobila pouzdana evidencija, potrebno obuhvatiti podatke svih centara za socijalni rad, prihvatili\u0161ta, popravnih domova i drugih institucija.<\/p>\n<p>\t&#8222;Ako dete nema dokument, i ako porodica nema dokument, zna\u010di da ne postoji za ovaj sistem, to zna\u010di da ne mo\u017eemo da utvrdimo koliko ih ima ta\u010dno, to je neka tamna brojka&#8220;, rekao je Bir\u010danin.<\/p>\n<p style=\"text-align: justify;\">\n\t<a href=\"http:\/\/rtv.rs\/sr_lat\/drustvo\/vise-hiljada-dece-prosi-u-srbiji_287492.html\" target=\"_blank\" rel=\"noopener noreferrer\"><span class=\"Apple-style-span\" style=\"font-family: 'helvetica neue light',helvetica,arial,sans-serif; color: rgb(0, 0, 0);\">Kliknite ovde da biste videli vest u celini na sajtu\u00a0<b style=\"padding-bottom: 0px; margin-top: 0px; margin-right: 0px; margin-bottom: 0px; margin-left: 0px; padding-left: 0px; padding-right: 0px; padding-top: 0px; \">rtv.rs \u00bb<\/b><\/span><\/a><\/p>\n<p><strong>Autor:<\/strong> Redakcija<br \/>\n<strong>Datum:<\/strong> 02, 12, 2011.<\/p>\n","protected":false},"excerpt":{"rendered":"<p>BEOGRAD: Procenjuje se da u Srbiji ima vi\u0161e hiljada dece koja prose, ali pouzdane evidencije nema, re\u010deno je danas u Beogradu na predstavljanju izve\u0161taja o de\u010djem prosja\u010denju u Srbiji koji je objavila kancelarija Za\u0161titnika gra\u0111ana.<\/p>\n","protected":false},"author":1,"featured_media":0,"comment_status":"open","ping_status":"open","sticky":false,"template":"","format":"standard","meta":{"footnotes":""},"categories":[1],"tags":[],"class_list":["post-21271","post","type-post","status-publish","format-standard","hentry","category-nekategorizovano"],"_links":{"self":[{"href":"https:\/\/ravnica.info\/arhiva\/index.php?rest_route=\/wp\/v2\/posts\/21271","targetHints":{"allow":["GET"]}}],"collection":[{"href":"https:\/\/ravnica.info\/arhiva\/index.php?rest_route=\/wp\/v2\/posts"}],"about":[{"href":"https:\/\/ravnica.info\/arhiva\/index.php?rest_route=\/wp\/v2\/types\/post"}],"author":[{"embeddable":true,"href":"https:\/\/ravnica.info\/arhiva\/index.php?rest_route=\/wp\/v2\/users\/1"}],"replies":[{"embeddable":true,"href":"https:\/\/ravnica.info\/arhiva\/index.php?rest_route=%2Fwp%2Fv2%2Fcomments&post=21271"}],"version-history":[{"count":0,"href":"https:\/\/ravnica.info\/arhiva\/index.php?rest_route=\/wp\/v2\/posts\/21271\/revisions"}],"wp:attachment":[{"href":"https:\/\/ravnica.info\/arhiva\/index.php?rest_route=%2Fwp%2Fv2%2Fmedia&parent=21271"}],"wp:term":[{"taxonomy":"category","embeddable":true,"href":"https:\/\/ravnica.info\/arhiva\/index.php?rest_route=%2Fwp%2Fv2%2Fcategories&post=21271"},{"taxonomy":"post_tag","embeddable":true,"href":"https:\/\/ravnica.info\/arhiva\/index.php?rest_route=%2Fwp%2Fv2%2Ftags&post=21271"}],"curies":[{"name":"wp","href":"https:\/\/api.w.org\/{rel}","templated":true}]}}