{"id":19192,"date":"2011-08-30T00:00:00","date_gmt":"2011-08-29T22:00:00","guid":{"rendered":"http:\/\/localhost\/ravnica\/2011\/08\/30\/vocari-iz-srema-grade-hladnjacu\/"},"modified":"2011-08-30T00:00:00","modified_gmt":"2011-08-29T22:00:00","slug":"vocari-iz-srema-grade-hladnjacu","status":"publish","type":"post","link":"https:\/\/ravnica.info\/arhiva\/?p=19192","title":{"rendered":"Vo\u0107ari iz Srema grade hladnja\u010du"},"content":{"rendered":"<p style=\"text-align: justify;\"><strong>NOVI SAD: Predstavnici Vlade Vojvodine sa predstavnicima udru\u017eenih poljoprivrednih gazdinstava op\u0161tine In\u0111ija potpisali su danas u Novom Slankamenu ugovore o finansiranju izgradnje hladnja\u010de vredne 98,5 miliona dinara, saop\u0161tila je Vlada Vojvodine.<\/strong><\/p>\n<p><!--more--><\/p>\n<p style=\"text-align: justify;\">\n\t<img loading=\"lazy\" decoding=\"async\" align=\"left\" alt=\"\" height=\"55\" hspace=\"6\" src=\"\/UserFiles\/Image\/Avgust2011\/voce_130x55.jpg\" vspace=\"6\" width=\"130\" \/><\/p>\n<p style=\"text-align: justify;\">\n\t\u00a0<\/p>\n<p style=\"text-align: justify;\">\n\tKako se navodi, Fond za razvoj je opredelio 98,5 miliona dinara, a nosioci investicionog projekta su 36 poljoprivrednih proizvo\u0111a\u010da i vlasnika registrovanih poljoprivrednih gazdinstva iz Novog Slankamena, Be\u0161ke, Starog Slankamena, Maradika i Novih Karlovaca, koji se bave vo\u0107arstvom.<\/p>\n<p>\tSme\u0161tajni kapaciteti hladnja\u010de u Novom Slankamenu, \u010diji se zavr\u0161etak planira na prole\u0107e 2012. godine, iznosi\u0107e oko 3.000 tona vo\u0107a.<\/p>\n<p>\tPredsednik Vlade Vojvodine Bojan Pajti\u0107 rekao je da \u0107e investiranje u izgradnju hladnja\u010de biti zna\u010dajan za poljoprivrednika iz vi\u0161e naselja, ne samo zbog u\u0161tede sredstava za skladi\u0161tenje, ve\u0107 \u0107e omogu\u0107iti da poljoprivrednici svoje proizvode prodaju kada im cena bude najvi\u0161e odgovarala.<\/p>\n<p style=\"text-align: justify;\">\n\t<a href=\"http:\/\/rtv.rs\/sr_lat\/vojvodina\/vocari-iz-srema-grade-hladnjacu_270696.html\" target=\"_blank\" rel=\"noopener noreferrer\"><span class=\"Apple-style-span\" style=\"font-family: 'helvetica neue light',helvetica,arial,sans-serif; color: rgb(0, 0, 0);\">Kliknite ovde da biste videli vest u celini na sajtu\u00a0<b style=\"padding-bottom: 0px; margin-top: 0px; margin-right: 0px; margin-bottom: 0px; margin-left: 0px; padding-left: 0px; padding-right: 0px; padding-top: 0px; \">rtv.rs \u00bb<\/b><\/span><\/a><\/p>\n<p><strong>Autor:<\/strong> Redakcija<br \/>\n<strong>Datum:<\/strong> 30, 08, 2011.<\/p>\n","protected":false},"excerpt":{"rendered":"<p>NOVI SAD: Predstavnici Vlade Vojvodine sa predstavnicima udru\u017eenih poljoprivrednih gazdinstava op\u0161tine In\u0111ija potpisali su danas u Novom Slankamenu ugovore o finansiranju izgradnje hladnja\u010de vredne 98,5 miliona dinara, saop\u0161tila je Vlada Vojvodine.<\/p>\n","protected":false},"author":1,"featured_media":0,"comment_status":"open","ping_status":"open","sticky":false,"template":"","format":"standard","meta":{"footnotes":""},"categories":[1],"tags":[],"class_list":["post-19192","post","type-post","status-publish","format-standard","hentry","category-nekategorizovano"],"_links":{"self":[{"href":"https:\/\/ravnica.info\/arhiva\/index.php?rest_route=\/wp\/v2\/posts\/19192","targetHints":{"allow":["GET"]}}],"collection":[{"href":"https:\/\/ravnica.info\/arhiva\/index.php?rest_route=\/wp\/v2\/posts"}],"about":[{"href":"https:\/\/ravnica.info\/arhiva\/index.php?rest_route=\/wp\/v2\/types\/post"}],"author":[{"embeddable":true,"href":"https:\/\/ravnica.info\/arhiva\/index.php?rest_route=\/wp\/v2\/users\/1"}],"replies":[{"embeddable":true,"href":"https:\/\/ravnica.info\/arhiva\/index.php?rest_route=%2Fwp%2Fv2%2Fcomments&post=19192"}],"version-history":[{"count":0,"href":"https:\/\/ravnica.info\/arhiva\/index.php?rest_route=\/wp\/v2\/posts\/19192\/revisions"}],"wp:attachment":[{"href":"https:\/\/ravnica.info\/arhiva\/index.php?rest_route=%2Fwp%2Fv2%2Fmedia&parent=19192"}],"wp:term":[{"taxonomy":"category","embeddable":true,"href":"https:\/\/ravnica.info\/arhiva\/index.php?rest_route=%2Fwp%2Fv2%2Fcategories&post=19192"},{"taxonomy":"post_tag","embeddable":true,"href":"https:\/\/ravnica.info\/arhiva\/index.php?rest_route=%2Fwp%2Fv2%2Ftags&post=19192"}],"curies":[{"name":"wp","href":"https:\/\/api.w.org\/{rel}","templated":true}]}}