{"id":19191,"date":"2011-08-30T00:00:00","date_gmt":"2011-08-29T22:00:00","guid":{"rendered":"http:\/\/localhost\/ravnica\/2011\/08\/30\/restitucija-u-evrima-rok-za-isplatu-15-godina\/"},"modified":"2011-08-30T00:00:00","modified_gmt":"2011-08-29T22:00:00","slug":"restitucija-u-evrima-rok-za-isplatu-15-godina","status":"publish","type":"post","link":"https:\/\/ravnica.info\/arhiva\/?p=19191","title":{"rendered":"Restitucija u evrima, rok za isplatu 15 godina"},"content":{"rendered":"<p style=\"text-align: justify;\"><strong>BEOGRAD: Obveznice za restituciju glasi\u0107e na evre, najavili su danas predstavnici Vlade Srbije na tribini o Nacrtu zakona o vra\u0107anju oduzete imovine i obe\u0161te\u0107enju.<\/strong><\/p>\n<p><!--more--><\/p>\n<p style=\"text-align: justify;\">\n\t<img loading=\"lazy\" decoding=\"async\" align=\"left\" alt=\"\" height=\"55\" hspace=\"6\" src=\"\/UserFiles\/Image\/Avgust2011\/protest-restitucija-01_130x55.jpg\" vspace=\"6\" width=\"130\" \/><\/p>\n<p style=\"text-align: justify;\">\n\t\u00a0<\/p>\n<p style=\"text-align: justify;\">\n\tSavetnik potpredsednika Vlade Srbije Bo\u017eidara \u0110eli\u0107a, Milorad Bjelopetrovi\u0107, kazao je na tribini da je tokom mesec dana rasprave o Nacrtu zakona o vra\u0107anju oduzete imovine i obe\u0161te\u0107enju bilo mnogo dobrih predloga koji \u0107e biti uneti u zakon i pobolj\u0161ati ga u korist biv\u0161ih vlasnika.<\/p>\n<p>\tOn je naglasio da \u0107e dve milijarde evra obveznica koje su planirane za finansijsku restituciju nositi godi\u0161nju kamatu od dva odsto, \u0161to zna\u010di da je za to planirano ukupno 2,3 milijarde evra.<\/p>\n<p>\tBjelopetrovi\u0107 je kazao da \u0107e i rok za isplatu obveznica biti skra\u0107en na 15 godina sa prvobitno predvi\u0111enih 20 godina.<\/p>\n<p style=\"text-align: justify;\">\n\t<a href=\"http:\/\/rtv.rs\/sr_lat\/drustvo\/restitucija-u-evrima-rok-za-isplatu-15-godina_270700.html\" target=\"_blank\" rel=\"noopener noreferrer\"><span class=\"Apple-style-span\" style=\"font-family: 'helvetica neue light',helvetica,arial,sans-serif; color: rgb(0, 0, 0);\">Kliknite ovde da biste videli vest u celini na sajtu\u00a0<b style=\"padding-bottom: 0px; margin-top: 0px; margin-right: 0px; margin-bottom: 0px; margin-left: 0px; padding-left: 0px; padding-right: 0px; padding-top: 0px; \">rtv.rs \u00bb<\/b><\/span><\/a><\/p>\n<p><strong>Autor:<\/strong> Redakcija<br \/>\n<strong>Datum:<\/strong> 30, 08, 2011.<\/p>\n","protected":false},"excerpt":{"rendered":"<p>BEOGRAD: Obveznice za restituciju glasi\u0107e na evre, najavili su danas predstavnici Vlade Srbije na tribini o Nacrtu zakona o vra\u0107anju oduzete imovine i obe\u0161te\u0107enju.<\/p>\n","protected":false},"author":1,"featured_media":0,"comment_status":"open","ping_status":"open","sticky":false,"template":"","format":"standard","meta":{"footnotes":""},"categories":[1],"tags":[],"class_list":["post-19191","post","type-post","status-publish","format-standard","hentry","category-nekategorizovano"],"_links":{"self":[{"href":"https:\/\/ravnica.info\/arhiva\/index.php?rest_route=\/wp\/v2\/posts\/19191","targetHints":{"allow":["GET"]}}],"collection":[{"href":"https:\/\/ravnica.info\/arhiva\/index.php?rest_route=\/wp\/v2\/posts"}],"about":[{"href":"https:\/\/ravnica.info\/arhiva\/index.php?rest_route=\/wp\/v2\/types\/post"}],"author":[{"embeddable":true,"href":"https:\/\/ravnica.info\/arhiva\/index.php?rest_route=\/wp\/v2\/users\/1"}],"replies":[{"embeddable":true,"href":"https:\/\/ravnica.info\/arhiva\/index.php?rest_route=%2Fwp%2Fv2%2Fcomments&post=19191"}],"version-history":[{"count":0,"href":"https:\/\/ravnica.info\/arhiva\/index.php?rest_route=\/wp\/v2\/posts\/19191\/revisions"}],"wp:attachment":[{"href":"https:\/\/ravnica.info\/arhiva\/index.php?rest_route=%2Fwp%2Fv2%2Fmedia&parent=19191"}],"wp:term":[{"taxonomy":"category","embeddable":true,"href":"https:\/\/ravnica.info\/arhiva\/index.php?rest_route=%2Fwp%2Fv2%2Fcategories&post=19191"},{"taxonomy":"post_tag","embeddable":true,"href":"https:\/\/ravnica.info\/arhiva\/index.php?rest_route=%2Fwp%2Fv2%2Ftags&post=19191"}],"curies":[{"name":"wp","href":"https:\/\/api.w.org\/{rel}","templated":true}]}}