{"id":19187,"date":"2011-08-30T00:00:00","date_gmt":"2011-08-29T22:00:00","guid":{"rendered":"http:\/\/localhost\/ravnica\/2011\/08\/30\/kalanovic-rostiljijada-guca-i-egzit-rame-uz-rame\/"},"modified":"2011-08-30T00:00:00","modified_gmt":"2011-08-29T22:00:00","slug":"kalanovic-rostiljijada-guca-i-egzit-rame-uz-rame","status":"publish","type":"post","link":"https:\/\/ravnica.info\/arhiva\/?p=19187","title":{"rendered":"Kalanovi\u0107: Ro\u0161tiljijada, Gu\u010da i Egzit rame uz rame"},"content":{"rendered":"<p style=\"text-align: justify;\"><strong>LESKOVAC: Potpredsednica Vlade Srbije Verica Kalanovi\u0107 otvorila je leskova\u010dku Ro\u0161tiljijadu pred nekoliko desetina hiljada posetilaca, uglavnom iz Leskovca i okoline.<\/strong><\/p>\n<p><!--more--><\/p>\n<p style=\"text-align: justify;\">\n\t<img loading=\"lazy\" decoding=\"async\" align=\"left\" alt=\"\" height=\"55\" hspace=\"6\" src=\"\/UserFiles\/Image\/Avgust2011\/rostilj_130x55.jpg\" vspace=\"6\" width=\"130\" \/><\/p>\n<p style=\"text-align: justify;\">\n\t\u00a0<\/p>\n<p style=\"text-align: justify;\">\n\t&#8222;Leskova\u010dka Ro\u0161tiljijada je brend juga Srbije koji stoji rame uz rame sa Gu\u010dom i Egzitom, a ja \u0107u se truditi da uvek budete u tom topu tri, u te tri najlep\u0161e, najve\u0107e i najpose\u0107enije manifestacije u Srbiji&#8220;, rekla je Verica Kalanovi\u0107 prilikom otvaranja manifestacije.<\/p>\n<p>\tPre Verice Kalanovi\u0107 nastupio je truba\u010dki orkestar Elvisa Bajramovi\u0107a iz Bojnika, kao i leskova\u010dke ma\u017eoretkinje, koje su kroz okupljene predvodili nosa\u010di ro\u0161tiljske baklje i Ro\u0161tiljko, maskota Ro\u0161tiljijade. <\/p>\n<p style=\"text-align: justify;\">\n\t<a href=\"http:\/\/rtv.rs\/sr_lat\/drustvo\/kalanovic:-rostiljijada-guca-i-egzit-rame-uz-rame_270610.html\" target=\"_blank\" rel=\"noopener noreferrer\"><span class=\"Apple-style-span\" style=\"font-family: 'helvetica neue light',helvetica,arial,sans-serif; color: rgb(0, 0, 0);\">Kliknite ovde da biste videli vest u celini na sajtu\u00a0<b style=\"padding-bottom: 0px; margin-top: 0px; margin-right: 0px; margin-bottom: 0px; margin-left: 0px; padding-left: 0px; padding-right: 0px; padding-top: 0px; \">rtv.rs \u00bb<\/b><\/span><\/a><\/p>\n<p><strong>Autor:<\/strong> Redakcija<br \/>\n<strong>Datum:<\/strong> 30, 08, 2011.<\/p>\n","protected":false},"excerpt":{"rendered":"<p>LESKOVAC: Potpredsednica Vlade Srbije Verica Kalanovi\u0107 otvorila je leskova\u010dku Ro\u0161tiljijadu pred nekoliko desetina hiljada posetilaca, uglavnom iz Leskovca i okoline.<\/p>\n","protected":false},"author":1,"featured_media":0,"comment_status":"open","ping_status":"open","sticky":false,"template":"","format":"standard","meta":{"footnotes":""},"categories":[1],"tags":[],"class_list":["post-19187","post","type-post","status-publish","format-standard","hentry","category-nekategorizovano"],"_links":{"self":[{"href":"https:\/\/ravnica.info\/arhiva\/index.php?rest_route=\/wp\/v2\/posts\/19187","targetHints":{"allow":["GET"]}}],"collection":[{"href":"https:\/\/ravnica.info\/arhiva\/index.php?rest_route=\/wp\/v2\/posts"}],"about":[{"href":"https:\/\/ravnica.info\/arhiva\/index.php?rest_route=\/wp\/v2\/types\/post"}],"author":[{"embeddable":true,"href":"https:\/\/ravnica.info\/arhiva\/index.php?rest_route=\/wp\/v2\/users\/1"}],"replies":[{"embeddable":true,"href":"https:\/\/ravnica.info\/arhiva\/index.php?rest_route=%2Fwp%2Fv2%2Fcomments&post=19187"}],"version-history":[{"count":0,"href":"https:\/\/ravnica.info\/arhiva\/index.php?rest_route=\/wp\/v2\/posts\/19187\/revisions"}],"wp:attachment":[{"href":"https:\/\/ravnica.info\/arhiva\/index.php?rest_route=%2Fwp%2Fv2%2Fmedia&parent=19187"}],"wp:term":[{"taxonomy":"category","embeddable":true,"href":"https:\/\/ravnica.info\/arhiva\/index.php?rest_route=%2Fwp%2Fv2%2Fcategories&post=19187"},{"taxonomy":"post_tag","embeddable":true,"href":"https:\/\/ravnica.info\/arhiva\/index.php?rest_route=%2Fwp%2Fv2%2Ftags&post=19187"}],"curies":[{"name":"wp","href":"https:\/\/api.w.org\/{rel}","templated":true}]}}