{"id":19186,"date":"2011-08-30T00:00:00","date_gmt":"2011-08-29T22:00:00","guid":{"rendered":"http:\/\/localhost\/ravnica\/2011\/08\/30\/dan-secanja-na-nestale\/"},"modified":"2011-08-30T00:00:00","modified_gmt":"2011-08-29T22:00:00","slug":"dan-secanja-na-nestale","status":"publish","type":"post","link":"https:\/\/ravnica.info\/arhiva\/?p=19186","title":{"rendered":"Dan se\u0107anja na nestale"},"content":{"rendered":"<p style=\"text-align: justify;\"><strong>BEOGRAD\/GRA\u010cANICA: Me\u0111unarodni dan nestalih, 30. avgust, u Srbiji je biti obele\u017een skupovima i protestima u Beogradu i Gra\u010danici, sa kojih je vladama zemalja regiona upu\u0107en zahtev da se efikasnije posvete rasvetljavanju sudbine otetih i nestalih i ka\u017enjavanju odgovornih za ove zlo\u010dine.<\/strong><\/p>\n<p><!--more--><\/p>\n<p style=\"text-align: justify;\">\n\t<img loading=\"lazy\" decoding=\"async\" align=\"left\" alt=\"\" height=\"55\" hspace=\"6\" src=\"\/UserFiles\/Image\/Avgust2011\/nestali_kosovo_130x55.jpg\" vspace=\"6\" width=\"130\" \/><\/p>\n<p style=\"text-align: justify;\">\n\t\u00a0<\/p>\n<p style=\"text-align: justify;\">\n\t\u0160ef regionalne kancelarije Me\u0111unarodnog komiteta Crvenog krsta Dragana Koji\u0107 izjavila je Tanjugu da je u proteklih godinu dana na podru\u010dju zapadnog Balkana re\u0161ena sudbina svega 970 nestalih osoba.<\/p>\n<p>\t<strong>Sudbina nestalih treba da bude prioritet u dijalogu<\/strong><\/p>\n<p>\tPorodice kidnapovanih i nestalih sa Kosova i Metohije zatra\u017eile su danas da pitanje rasvetljavanja sudbine \u010dlanova njihovih porodica bude prioritet u dijalogu Beograda i Pri\u0161tine.<\/p>\n<p>\tNa skupu povodom Me\u0111unarodnog dana nestalih, koji je odr\u017ean u Gra\u010danici, od posrednika EU Roberta Kupera je zatra\u017eeno da pitanje rasvetljavanja sudbine kidnapovanih i nestalih bude prioritet u briselskom dijalogu i da \u010dlanovi porodica budu prisutni na sastanku kada se o toj temi bude razgovaralo.<\/p>\n<p style=\"text-align: justify;\">\n\t<a href=\"http:\/\/rtv.rs\/sr_lat\/drustvo\/dan-secanja-na-nestale_270551.html\" target=\"_blank\" rel=\"noopener noreferrer\"><span class=\"Apple-style-span\" style=\"font-family: 'helvetica neue light',helvetica,arial,sans-serif; color: rgb(0, 0, 0);\">Kliknite ovde da biste videli vest u celini na sajtu\u00a0<b style=\"padding-bottom: 0px; margin-top: 0px; margin-right: 0px; margin-bottom: 0px; margin-left: 0px; padding-left: 0px; padding-right: 0px; padding-top: 0px; \">rtv.rs \u00bb<\/b><\/span><\/a><\/p>\n<p><strong>Autor:<\/strong> Redakcija<br \/>\n<strong>Datum:<\/strong> 30, 08, 2011.<\/p>\n","protected":false},"excerpt":{"rendered":"<p>BEOGRAD\/GRA\u010cANICA: Me\u0111unarodni dan nestalih, 30. avgust, u Srbiji je biti obele\u017een skupovima i protestima u Beogradu i Gra\u010danici, sa kojih je vladama zemalja regiona upu\u0107en zahtev da se efikasnije posvete rasvetljavanju sudbine otetih i nestalih i ka\u017enjavanju odgovornih za ove zlo\u010dine.<\/p>\n","protected":false},"author":1,"featured_media":0,"comment_status":"open","ping_status":"open","sticky":false,"template":"","format":"standard","meta":{"footnotes":""},"categories":[1],"tags":[],"class_list":["post-19186","post","type-post","status-publish","format-standard","hentry","category-nekategorizovano"],"_links":{"self":[{"href":"https:\/\/ravnica.info\/arhiva\/index.php?rest_route=\/wp\/v2\/posts\/19186","targetHints":{"allow":["GET"]}}],"collection":[{"href":"https:\/\/ravnica.info\/arhiva\/index.php?rest_route=\/wp\/v2\/posts"}],"about":[{"href":"https:\/\/ravnica.info\/arhiva\/index.php?rest_route=\/wp\/v2\/types\/post"}],"author":[{"embeddable":true,"href":"https:\/\/ravnica.info\/arhiva\/index.php?rest_route=\/wp\/v2\/users\/1"}],"replies":[{"embeddable":true,"href":"https:\/\/ravnica.info\/arhiva\/index.php?rest_route=%2Fwp%2Fv2%2Fcomments&post=19186"}],"version-history":[{"count":0,"href":"https:\/\/ravnica.info\/arhiva\/index.php?rest_route=\/wp\/v2\/posts\/19186\/revisions"}],"wp:attachment":[{"href":"https:\/\/ravnica.info\/arhiva\/index.php?rest_route=%2Fwp%2Fv2%2Fmedia&parent=19186"}],"wp:term":[{"taxonomy":"category","embeddable":true,"href":"https:\/\/ravnica.info\/arhiva\/index.php?rest_route=%2Fwp%2Fv2%2Fcategories&post=19186"},{"taxonomy":"post_tag","embeddable":true,"href":"https:\/\/ravnica.info\/arhiva\/index.php?rest_route=%2Fwp%2Fv2%2Ftags&post=19186"}],"curies":[{"name":"wp","href":"https:\/\/api.w.org\/{rel}","templated":true}]}}