{"id":18711,"date":"2011-09-01T00:00:00","date_gmt":"2011-08-31T22:00:00","guid":{"rendered":"http:\/\/localhost\/ravnica\/2011\/09\/01\/malisani-slusaju-nastavu-na-dva-jezika\/"},"modified":"2011-09-01T00:00:00","modified_gmt":"2011-08-31T22:00:00","slug":"malisani-slusaju-nastavu-na-dva-jezika","status":"publish","type":"post","link":"https:\/\/ravnica.info\/arhiva\/?p=18711","title":{"rendered":"Mali\u0161ani slu\u0161aju nastavu na dva jezika"},"content":{"rendered":"<p style=\"text-align: justify;\"><strong>VRBAS: Projekat uvo\u0111enja dvojezi\u010dne nastave, koji je pro\u0161le godine pokrenuo Pokrajinski sekretarijat za obrazovanje, od danas je po\u010deo da se realizuje u tri osnovne \u0161kole u pokrajini, po jednoj u Novom Sadu, Subotici i Vrbasu.<\/strong><\/p>\n<p><!--more--><\/p>\n<p style=\"text-align: justify;\">\n\t<img loading=\"lazy\" decoding=\"async\" align=\"left\" alt=\"\" height=\"55\" hspace=\"6\" src=\"\/UserFiles\/Image\/Septembar2011\/jezik_130x55.jpg\" vspace=\"6\" width=\"130\" \/><\/p>\n<p style=\"text-align: justify;\">\n\t\u00a0<\/p>\n<p style=\"text-align: justify;\">\n\tTim povodom, zamenik pokrajinskog sekretara Zoltan Jege\u0161 obi\u0161ao je prvake u O\u0160 &#8222;20. oktobar&#8220; u Vrbasu, koji \u0107e svoja prva znanja sticati paralelno na srpskom i engleskom jeziku.<\/p>\n<p style=\"text-align: justify;\">\n\t<a href=\"http:\/\/rtv.rs\/sr_lat\/drustvo\/malisani-slusaju-nastavu-na-dva-jezika_271073.html\" target=\"_blank\" rel=\"noopener noreferrer\"><span class=\"Apple-style-span\" style=\"font-family: 'helvetica neue light',helvetica,arial,sans-serif; color: rgb(0, 0, 0);\">Kliknite ovde da biste videli vest u celini na sajtu\u00a0<b style=\"padding-bottom: 0px; margin-top: 0px; margin-right: 0px; margin-bottom: 0px; margin-left: 0px; padding-left: 0px; padding-right: 0px; padding-top: 0px; \">rtv.rs \u00bb<\/b><\/span><\/a><\/p>\n<p><strong>Autor:<\/strong> Redakcija<br \/>\n<strong>Datum:<\/strong> 01, 09, 2011.<\/p>\n","protected":false},"excerpt":{"rendered":"<p>VRBAS: Projekat uvo\u0111enja dvojezi\u010dne nastave, koji je pro\u0161le godine pokrenuo Pokrajinski sekretarijat za obrazovanje, od danas je po\u010deo da se realizuje u tri osnovne \u0161kole u pokrajini, po jednoj u Novom Sadu, Subotici i Vrbasu.<\/p>\n","protected":false},"author":1,"featured_media":0,"comment_status":"open","ping_status":"open","sticky":false,"template":"","format":"standard","meta":{"footnotes":""},"categories":[1],"tags":[],"class_list":["post-18711","post","type-post","status-publish","format-standard","hentry","category-nekategorizovano"],"_links":{"self":[{"href":"https:\/\/ravnica.info\/arhiva\/index.php?rest_route=\/wp\/v2\/posts\/18711","targetHints":{"allow":["GET"]}}],"collection":[{"href":"https:\/\/ravnica.info\/arhiva\/index.php?rest_route=\/wp\/v2\/posts"}],"about":[{"href":"https:\/\/ravnica.info\/arhiva\/index.php?rest_route=\/wp\/v2\/types\/post"}],"author":[{"embeddable":true,"href":"https:\/\/ravnica.info\/arhiva\/index.php?rest_route=\/wp\/v2\/users\/1"}],"replies":[{"embeddable":true,"href":"https:\/\/ravnica.info\/arhiva\/index.php?rest_route=%2Fwp%2Fv2%2Fcomments&post=18711"}],"version-history":[{"count":0,"href":"https:\/\/ravnica.info\/arhiva\/index.php?rest_route=\/wp\/v2\/posts\/18711\/revisions"}],"wp:attachment":[{"href":"https:\/\/ravnica.info\/arhiva\/index.php?rest_route=%2Fwp%2Fv2%2Fmedia&parent=18711"}],"wp:term":[{"taxonomy":"category","embeddable":true,"href":"https:\/\/ravnica.info\/arhiva\/index.php?rest_route=%2Fwp%2Fv2%2Fcategories&post=18711"},{"taxonomy":"post_tag","embeddable":true,"href":"https:\/\/ravnica.info\/arhiva\/index.php?rest_route=%2Fwp%2Fv2%2Ftags&post=18711"}],"curies":[{"name":"wp","href":"https:\/\/api.w.org\/{rel}","templated":true}]}}