{"id":18214,"date":"2011-06-30T00:00:00","date_gmt":"2011-06-29T22:00:00","guid":{"rendered":"http:\/\/localhost\/ravnica\/2011\/06\/30\/otvoren-sesti-kikinda-short\/"},"modified":"2011-06-30T00:00:00","modified_gmt":"2011-06-29T22:00:00","slug":"otvoren-sesti-kikinda-short","status":"publish","type":"post","link":"https:\/\/ravnica.info\/arhiva\/?p=18214","title":{"rendered":"Otvoren \u0161esti Kikinda Short"},"content":{"rendered":"<p style=\"text-align: justify;\"><strong>KIKINDA: Sino\u0107, 29. juna u Kikindi ministar kulture Predrag Markovi\u0107 sve\u010dano je otvorio \u0161esti Kikinda Short.<\/strong><\/p>\n<p><!--more--><\/p>\n<p style=\"text-align: justify;\">\n\t<img loading=\"lazy\" decoding=\"async\" align=\"left\" alt=\"\" height=\"100\" hspace=\"6\" src=\"\/UserFiles\/Image\/Jun2011\/predrag-markovic.JPG\" vspace=\"6\" width=\"150\" \/><\/p>\n<p style=\"text-align: justify;\">\n\t\u00a0<\/p>\n<p style=\"text-align: justify;\">\n\tNakon pozdravnog govora pred prepunom ba\u0161tom Narodne biblioteke \u201eJovan Popovi\u0107\u201c nastupila je prva grupa od 12 pisaca. U prijatnoj atmosferi i uz duhovite primedbe voditeljskog para Mirjana \u0110ur\u0111evi\u0107 \u2013 Vladimir Arseni\u0107, predstavili su se \u0160an Melangel Dafid (Vels), Mi\u0107a Vuji\u010di\u0107 (Srbija), Ulrike Almut Zandih (Nema\u010dka), Toma\u017e Kosma\u010d (Slovenija), Julija Kinga Kiralj (Ma\u0111arska), Tejs de Bur (Holandija), Kalja Papadaki (Gr\u010dka), \u017darko Kujund\u017eiski (Makedonija), Ivi Vajld (Engleska), Bjarte Brejtejg (Norve\u0161ka), Erik Gotje (Kanada) i Gregori Norminton iz \u0160kotske.<br \/>\n\t<img loading=\"lazy\" decoding=\"async\" align=\"right\" alt=\"\" height=\"100\" hspace=\"6\" src=\"\/UserFiles\/Image\/Jun2011\/zarko-kujundziski.JPG\" vspace=\"6\" width=\"150\" \/>Mladi makedonski pisac \u017darko Kujund\u017eiski ka\u017ee da je bilo pravo zadovoljstvo nastupati pred toliko ljudi: \u201cO Kikindi sam \u010duo sve najbolje ali sad kad sam video sve to u\u017eivo i u\u010destvovao u tome, shavtio sam da je bolje nego \u0161to sam o\u010dekivao. Zaista je prelep ose\u0107aj kad vas toliko ljudi slu\u0161a, onda shvatate da kratka pri\u010da ima budu\u0107nost. \u201c<br \/>\n\tNema\u010dka autorka Ulrike Almut Zandih nije ni\u0161ta znala o kikindskom festival dok nije oti\u0161la u Bugarsku zbog prevoda svoje knjige. \u201cTamo sam \u010dula da u Srbiji postoje fantasti\u010dne ve\u010deri \u010ditanja i divna publika. Drago mi je bilo kad sam dobila pozivnicu i postala deo ovoga.\u201d<br \/>\n\tGost iznena\u0111enja ovogodi\u0161nje Kikinde je srpska spisteljica Jelena Lengold. Nju je izabrala go\u0161\u0107a-kriti\u010darka Jasmina Vrbavac koja je tako\u0111e napisala pri\u010du za festival i pro\u010dita\u0107e je naredne ve\u010deri.<br \/>\n\t<img loading=\"lazy\" decoding=\"async\" align=\"left\" alt=\"\" height=\"167\" hspace=\"6\" src=\"\/UserFiles\/Image\/Jun2011\/kikinda-short.JPG\" vspace=\"6\" width=\"250\" \/>Pored Vrbav\u010deve, u \u010detvrtak \u0107e nastupiti i ovogodi\u0161nja zvezda festivala, \u0161kotski pisac Bernard Meklaverti. Njemu su jo\u0161 1991. Svetovi objavili prevod sad ve\u0107 kultne zbirke pri\u010da \u201cVreme za igru\u201d.<br \/>\n\tPored nastupa druge polovine autora, u \u010detvrtak, 30. juna predvi\u0111en je i Off \u2013 program gde \u0107e se predstaviti beogradska izdava\u010dka ku\u0107a \u201cKornet\u201d.<br \/>\n\tFestival se od petka seli u Beograd gde su \u010ditanja planirana da se odr\u017ee na Kalemegdanu, u blizini spomenika Srpsko-francuskog prijateljstva. U slu\u010daju ki\u0161e, nastup autora \u0107e se odr\u017eati u prostorijama UK \u201cParobrod\u201d (Kapetan Mi\u0161ina 6a).<\/p>\n<p><strong>Autor:<\/strong> Redakcija<br \/>\n<strong>Datum:<\/strong> 30, 06, 2011.<\/p>\n","protected":false},"excerpt":{"rendered":"<p>KIKINDA: Sino\u0107, 29. juna u Kikindi ministar kulture Predrag Markovi\u0107 sve\u010dano je otvorio \u0161esti Kikinda Short.<\/p>\n","protected":false},"author":1,"featured_media":0,"comment_status":"open","ping_status":"open","sticky":false,"template":"","format":"standard","meta":{"footnotes":""},"categories":[1],"tags":[],"class_list":["post-18214","post","type-post","status-publish","format-standard","hentry","category-nekategorizovano"],"_links":{"self":[{"href":"https:\/\/ravnica.info\/arhiva\/index.php?rest_route=\/wp\/v2\/posts\/18214","targetHints":{"allow":["GET"]}}],"collection":[{"href":"https:\/\/ravnica.info\/arhiva\/index.php?rest_route=\/wp\/v2\/posts"}],"about":[{"href":"https:\/\/ravnica.info\/arhiva\/index.php?rest_route=\/wp\/v2\/types\/post"}],"author":[{"embeddable":true,"href":"https:\/\/ravnica.info\/arhiva\/index.php?rest_route=\/wp\/v2\/users\/1"}],"replies":[{"embeddable":true,"href":"https:\/\/ravnica.info\/arhiva\/index.php?rest_route=%2Fwp%2Fv2%2Fcomments&post=18214"}],"version-history":[{"count":0,"href":"https:\/\/ravnica.info\/arhiva\/index.php?rest_route=\/wp\/v2\/posts\/18214\/revisions"}],"wp:attachment":[{"href":"https:\/\/ravnica.info\/arhiva\/index.php?rest_route=%2Fwp%2Fv2%2Fmedia&parent=18214"}],"wp:term":[{"taxonomy":"category","embeddable":true,"href":"https:\/\/ravnica.info\/arhiva\/index.php?rest_route=%2Fwp%2Fv2%2Fcategories&post=18214"},{"taxonomy":"post_tag","embeddable":true,"href":"https:\/\/ravnica.info\/arhiva\/index.php?rest_route=%2Fwp%2Fv2%2Ftags&post=18214"}],"curies":[{"name":"wp","href":"https:\/\/api.w.org\/{rel}","templated":true}]}}