{"id":17208,"date":"2011-12-01T00:00:00","date_gmt":"2011-11-30T23:00:00","guid":{"rendered":"http:\/\/localhost\/ravnica\/2011\/12\/01\/tekst-model\/"},"modified":"2011-12-01T00:00:00","modified_gmt":"2011-11-30T23:00:00","slug":"tekst-model","status":"publish","type":"post","link":"https:\/\/ravnica.info\/arhiva\/?p=17208","title":{"rendered":"TEKST MODEL"},"content":{"rendered":"<p style=\"text-align: justify;\"><strong>\u010cURUG: U subotu u \u010curugu u organizaciji Udru\u017eenja ov\u010dara i kozara &#8222;Tisa&#8220; iz \u010curuga odr\u017eani su V ov\u010darski dani, manifestacija u kojoj je u\u010de\u0161\u0107e uzelo vi\u0161e izlaga\u010da i udru\u017eenja iz Ba\u010dke i Srema, u izlo\u017ebi ovaca, koza i ku\u0107ne radinosti. Pored ovih izlo\u017ebi organizovano je takmi\u010denje u lepom \u0161i\u0161anju ovaca i u kuvanju \u010dobanskog paprika\u0161a.<\/strong><\/p>\n<p><!--more--><\/p>\n<p>\n\tOn je naveo da je situacija na Kosovu posle dva incidenta napeta i da po\u010dinioci incidenata, odnosno ubistva pripadnika jedinice Rosu, kao i paljenja prelaza Jarinje, moraju odgovarati, prenosi Radio-televizija Srbija.<\/p>\n<p>\t&#8222;Odgovorni za paljenje prelaza i ubistvo policajca specijalne policije moraju odgovarati&#8220;, rekao je Biler nakon \u010detvoro\u010dasovnih pregovora sa srpskim predstavnicima.<\/p>\n<table align=\"right\" border=\"0\" class=\"mceTmpl\" style=\"width: 245px; background-color: #C3FDB8; font-size: 11px; margin: 3px 0px 3px 8px; border-right: 1px solid #387C44; border-left: 1px solid #387C44;\">\n<tbody>\n<tr>\n<td style=\"font-weight:bold; padding: 10px 10px 6px 10px;\">\n\t\t\t\tOvde ide naslov<\/td>\n<\/tr>\n<tr>\n<td style=\"padding: 0px 10px 10px 10px;\">\n<p style=\"text-align: justify;\">\n\t\t\t\t\tTa\u010di: Ne\u0107emo odustati od zahteva<\/p>\n<p>\t\t\t\t\tPremijer Kosova Ha\u0161im Ta\u010di rekao je danas da kosovska vlada ne\u0107e popustiti u svojim zahtevima na severu Kosova, jer bi odustajanje zna\u010dilo povratak u anarhiju.<\/p>\n<p>\t\t\t\t\t&#8222;Ne verujem da \u0107e predstavnici me\u0111unarodne zajednice tra\u017eiti tako ne\u0161to od nas&#8220;, rekao je Ta\u010di u intervju za portal <a href=\"http:\/\/www.setimes.com\/cocoon\/setimes\/xhtml\/en_GB\/homepage\/\" target=\"_blank\" rel=\"noopener noreferrer\">SETimes<\/a>.<\/p>\n<p>\t\t\t\t\tPredsednik Vlade Kosova je kazao da je akcija na severu Kosova po\u010dela kako bi se prekinulo &#8222;\u0161vercovanje, organizovani kriminal i stalno kr\u0161enje suvereniteta&#8220; zemlje koje su \u010dinile &#8222;srpske paralelne strukture koje terori\u0161u populaciju koja \u017eivi u tom delu&#8220;.<\/p>\n<\/td>\n<\/tr>\n<\/tbody>\n<\/table>\n<p style=\"text-align: justify;\">\n\t<br \/>\n\tU razgovorima su u\u010destvovali \u0161ef tima Vlade Srbije za razgovore sa Pri\u0161tinom Borislav Stefanovi\u0107, ministar za Kosovo i Metohiju Goran Bogdanovi\u0107, Biler i predstavnik EU na Kosovu Fernando \u0110entilini.<\/p>\n<p>\tNjima su se priklju\u010dili i predsednik op\u0161tine Zubin Potok Slavi\u0161a Risti\u0107 i na\u010delnik Kosovsko-mitrovi\u010dkog okruga Radenko Nedeljkovi\u0107. <\/p>\n<p>\tPri\u0161tinski zvani\u010dnici danas su saop\u0161tili da tra\u017ee uspostavljanje pune kontrole nad carinskim prelazima na severu Kosova koje je 26. jula poku\u0161ala da zauzme specijalna kosovska policija, dok Beograd tra\u017ei vra\u0107anje na stanje pre incidenata.\u00a0\u00a0<\/p>\n<p style=\"text-align: justify;\">\n\tSastanak predstavnika Vlade Srbije i predstavnika me\u0111unarodnih misija na Kosovu zavr\u0161en je u Zubinom Potoku oko 17.30, rekli su Betini izvori.<\/p>\n<p style=\"text-align: justify;\">\n\tAdministrativni prelazi Jarinje i Brnjak na severu Kosova i Metohije od protekle no\u0107i su pod kontrolom Kfora. Saobra\u0107aj na Jarinju odvija se samo jednom trakom, uz zadr\u017eavanja do dvadesetak minuta, ali Kfor je saop\u0161tio da je kapija 1 (Jarinje) zatvorena.<\/p>\n<p style=\"text-align: justify;\">\n\tStacioniranje pripadnika Kfora na prelazima je u kontaktu predstavnika vlasti Srbije i generala Bilera dogovoreno kao prelazno re\u0161enje, nakon \u0161to je u sredu uve\u010de grupa maskiranih osoba molotovljevim koktelima zapalila objekte na Jarinju, \u0161to je nai\u0161lo na osudu Beograda i Brisela.<\/p>\n<p style=\"text-align: justify;\">\n\tBiografija<\/p>\n<p style=\"text-align: justify;\">\n\t\u00a0<\/p>\n<p>\n\t<a class=\"thickbox\" href=\"http:\/\/ravnica.info\/UserFiles\/Image\/slikari\/predic\/uros-predic-autoportret-1916.jpg\"><img loading=\"lazy\" decoding=\"async\" align=\"left\" alt=\"\" border=\"0\" height=\"127\" hspace=\"6\" src=\"\/UserFiles\/Image\/slikari\/predic\/uros-predic-autoportret-1916.jpg\" style=\"height: 127px; width: 91px;\" vspace=\"6\" width=\"91\" \/><\/a><\/p>\n<p style=\"text-align: justify;\">\n\tUro\u0161 Predi\u0107 je ro\u0111en 7. decembra 1857. u Orlovatu. Osnovnu \u0161kolu je zavr\u0161io u rodnom mestu, a gimnaziju u Pan\u010devu. Godine 1876. odlazi na akademiju u Be\u010d gde Predi\u0107a smatraju najboljim studentom Be\u010dke akademije. Godine 1879. dobio je Gundelovu nagradu na koju je konkurisao slikom \u201eNadurena devoj\u010dica\u201c. Umetni\u010dku akademiju u Be\u010du zavr\u0161ava 1880. godine u klasi profesora Gripenkerla.<\/p>\n<p lang=\"sh-RS\" style=\"margin-bottom: 0cm; text-align: justify;\">\n\tGodine 1880. Predi\u0107 je na kratko vreme napustio Be\u010d, kako bi posetio oca koji je ubrzo zatim umro. Vra\u0107a se u Be\u010d i ve\u0107 ga slede\u0107e godine napu\u0161ta zbog smrti brata Svetozara. \u017deli da ostane u Orlovatu pored majke, ali na poziv profesora Gripenkerla 1882. godine ponovo odlazi u Be\u010d. Koliko je poverenje ovog profesora u\u017eivao govori podatak da ga je on 1883. godine pozvan za svog asistenta na Akademiji.<br \/>\n\tGodine 1885. Predi\u0107 napu\u0161ta Be\u010d i dolazi u Orlovat gde slika kompozicije iz seoskog \u017eivota, motive iz Orlovata i njegove okoline.<\/p>\n<p style=\"text-align: center;\">\n\t<a class=\"thickbox\" href=\"http:\/\/ravnica.info\/UserFiles\/Image\/slikari\/predic\/vesela-braca.jpg\"><img decoding=\"async\" alt=\"\" border=\"0\" src=\"\/UserFiles\/Image\/slikari\/predic\/vesela-braca.jpg\" style=\"width: 127px; height: 91px;\" \/><\/a>\u00a0\u00a0 \u00a0<a class=\"thickbox\" href=\"http:\/\/ravnica.info\/UserFiles\/Image\/slikari\/predic\/kosovka-devojka.jpg\"><img decoding=\"async\" alt=\"\" border=\"0\" src=\"\/UserFiles\/Image\/slikari\/predic\/kosovka-devojka.jpg\" style=\"width: 127px; height: 91px;\" \/><\/a>\u00a0\u00a0 \u00a0<a class=\"thickbox\" href=\"http:\/\/ravnica.info\/UserFiles\/Image\/slikari\/predic\/siroce.jpg\"><img decoding=\"async\" alt=\"\" border=\"0\" src=\"\/UserFiles\/Image\/slikari\/predic\/siroce.jpg\" style=\"width: 127px; height: 91px;\" \/><\/a><\/p>\n<p lang=\"sh-RS\" style=\"margin-bottom: 0cm; text-align: justify;\">\n\tGodine 1886. Predi\u0107 dolazi u Beograd i tu ostaje tri godine. Motive zabele\u017eene u Orlovatu obra\u0111ivao je dalje u Beogradu. Nova sredina je povoljno uticala na umetnika. U toku tog vremena naslikao je svoje najbolje radove: \u201eVesela bra\u0107a, \u017ealosna im majka\u201d, \u201eSiro\u010de na maj\u010dinom grobu\u201d i druge. Jedna od njegovih najpoznatijih slika je i \u201eKosovka devojka\u201d. Od 1890-1893. godine boravi u Novom Sadu i Starom Be\u010deju. Od 1894-1909. \u017eivi u Orlovatu, a od 1909.godine do svoje smrti u Beogradu. U svom slikarskom opusu najvi\u0161e je negovao ikonografiju i portrete. Uradio je \u010duvene portrete: Jovana Cviji\u0107a, Slobodana Jovanovi\u0107a, \u0110or\u0111a Vajferta i dr.<br \/>\n\tPredi\u0107 je bio jedan od osniva\u010da dru\u0161tva srpskih umetnika \u201eLada\u201c 1904.godine. Bio je neprekidan \u010dlan ovog dru\u0161tva, kao i njegov dugogodi\u0161nji predsednik. Izabran je za dopisnog \u010dlana Srpske kraljevske akademije 1909. godine a 1910. godine za redovnog \u010dlana. Bio je i jedan od osniva\u010da Udru\u017eenja likovnih umetnika u Beogradu 1919. godine i njegov prvi predsednik.<br \/>\n\t\u00a0<\/p>\n<p style=\"text-align: center;\">\n\t<a class=\"thickbox\" href=\"http:\/\/ravnica.info\/UserFiles\/Image\/slikari\/predic\/jovan-cvijic.jpg\"><img decoding=\"async\" alt=\"\" border=\"0\" src=\"\/UserFiles\/Image\/slikari\/predic\/jovan-cvijic.jpg\" style=\"width: 91px; height: 127px;\" \/><\/a>\u00a0\u00a0 \u00a0<a class=\"thickbox\" href=\"http:\/\/ravnica.info\/UserFiles\/Image\/slikari\/predic\/mihailo-petrovic.jpg\"><img decoding=\"async\" alt=\"\" border=\"0\" src=\"\/UserFiles\/Image\/slikari\/predic\/mihailo-petrovic.jpg\" style=\"width: 91px; height: 127px;\" \/><\/a>\u00a0\u00a0 \u00a0<a class=\"thickbox\" href=\"http:\/\/ravnica.info\/UserFiles\/Image\/slikari\/predic\/slobodan-jovanovic.jpg\"><img decoding=\"async\" alt=\"\" border=\"0\" src=\"\/UserFiles\/Image\/slikari\/predic\/slobodan-jovanovic.jpg\" style=\"width: 91px; height: 127px;\" \/><\/a><\/p>\n<p lang=\"sh-RS\" style=\"margin-bottom: 0cm; text-align: justify;\">\n\tMe\u0111u Predi\u0107eve poslednje radove spada Autoportret slikan 1949. godine. Naslikao je pre ovoga jo\u0161 jedan 1916. godine. I svoj lik sa ostalim \u010dlanovima porodice na slavskoj ikoni Svetog Nikole.<br \/>\n\tUmro je u Beogardu 11. februara 1953 godine u svojoj 96. godini kao najstariji srpski slikar. Sahranjen je u Orlovatu ispuniv\u0161i obe\u0107anje dato svojim me\u0161tanima.<\/p>\n<p><strong>Autor:<\/strong> Redakcija<br \/>\n<strong>Datum:<\/strong> 01, 12, 2011.<\/p>\n","protected":false},"excerpt":{"rendered":"<p>\u010cURUG: U subotu u \u010curugu u organizaciji Udru\u017eenja ov\u010dara i kozara &#8222;Tisa&#8220; iz \u010curuga odr\u017eani su V ov\u010darski dani, manifestacija u kojoj je u\u010de\u0161\u0107e uzelo vi\u0161e izlaga\u010da i udru\u017eenja iz Ba\u010dke i Srema, u izlo\u017ebi ovaca, koza i ku\u0107ne radinosti. Pored ovih izlo\u017ebi organizovano je takmi\u010denje u lepom \u0161i\u0161anju ovaca i u kuvanju \u010dobanskog paprika\u0161a.<\/p>\n","protected":false},"author":1,"featured_media":0,"comment_status":"open","ping_status":"open","sticky":false,"template":"","format":"standard","meta":{"footnotes":""},"categories":[1],"tags":[],"class_list":["post-17208","post","type-post","status-publish","format-standard","hentry","category-nekategorizovano"],"_links":{"self":[{"href":"https:\/\/ravnica.info\/arhiva\/index.php?rest_route=\/wp\/v2\/posts\/17208","targetHints":{"allow":["GET"]}}],"collection":[{"href":"https:\/\/ravnica.info\/arhiva\/index.php?rest_route=\/wp\/v2\/posts"}],"about":[{"href":"https:\/\/ravnica.info\/arhiva\/index.php?rest_route=\/wp\/v2\/types\/post"}],"author":[{"embeddable":true,"href":"https:\/\/ravnica.info\/arhiva\/index.php?rest_route=\/wp\/v2\/users\/1"}],"replies":[{"embeddable":true,"href":"https:\/\/ravnica.info\/arhiva\/index.php?rest_route=%2Fwp%2Fv2%2Fcomments&post=17208"}],"version-history":[{"count":0,"href":"https:\/\/ravnica.info\/arhiva\/index.php?rest_route=\/wp\/v2\/posts\/17208\/revisions"}],"wp:attachment":[{"href":"https:\/\/ravnica.info\/arhiva\/index.php?rest_route=%2Fwp%2Fv2%2Fmedia&parent=17208"}],"wp:term":[{"taxonomy":"category","embeddable":true,"href":"https:\/\/ravnica.info\/arhiva\/index.php?rest_route=%2Fwp%2Fv2%2Fcategories&post=17208"},{"taxonomy":"post_tag","embeddable":true,"href":"https:\/\/ravnica.info\/arhiva\/index.php?rest_route=%2Fwp%2Fv2%2Ftags&post=17208"}],"curies":[{"name":"wp","href":"https:\/\/api.w.org\/{rel}","templated":true}]}}