{"id":16515,"date":"2011-04-29T00:00:00","date_gmt":"2011-04-28T22:00:00","guid":{"rendered":"http:\/\/localhost\/ravnica\/2011\/04\/29\/jp-titelski-breg-ucesnik-foruma-o-nautickom-turizmu-u-bezdanu\/"},"modified":"2011-04-29T00:00:00","modified_gmt":"2011-04-28T22:00:00","slug":"jp-titelski-breg-ucesnik-foruma-o-nautickom-turizmu-u-bezdanu","status":"publish","type":"post","link":"https:\/\/ravnica.info\/arhiva\/?p=16515","title":{"rendered":"JP \u201eTitelski breg\u201c u\u010desnik Foruma o nauti\u010dkom turizmu u Bezdanu"},"content":{"rendered":"<p style=\"text-align: justify;\"><strong>BEZDAN: U subotu, 16. aprila 2011. godine u Bezdanu odr\u017ean je Forum o kanalima i rekama i razvoju nauti\u010dkog turizma.<\/strong><\/p>\n<p><!--more--><\/p>\n<p style=\"text-align: center;\">\n\t<img loading=\"lazy\" decoding=\"async\" align=\"middle\" alt=\"\" height=\"390\" src=\"\/UserFiles\/Image\/Maj2011\/titelski-breg-bezdan.JPG\" width=\"520\" \/><\/p>\n<p style=\"text-align: justify;\">\n\t\u00a0\u00a0\u00a0\u00a0\u00a0\u00a0\u00a0 Osnovna tema Foruma bila je zna\u010daj razvoja vodenog saobra\u0107aja i nauti\u010dkog turizma u Srbiji i Vojvodini. O ovoj temi govorili su prof. dr Sne\u017eana \u0160teti\u0107, prof. dr Zoran Radmilovi\u0107 i Krsta Pa\u0161kovi\u0107 iz Udru\u017eenja nauti\u010dara \u201eDunavski propeler\u201c.<br \/>\n\t\u00a0\u00a0\u00a0\u00a0\u00a0\u00a0\u00a0\u00a0 Strategiju razvoja Republike i Pokrajine u oblasti vodenog saobra\u0107aja i turizma i mogu\u0107nosti finansiranja lokalnih zajednica izneli su Sanja Kne\u017eevi\u0107 iz Kabineta potpredsednika Vlade za evropske integracije, Tijana \u017divkovi\u0107 iz Agencije za prostorno planiranje i Mirjana Grbi\u0107 iz Pokrajinskog sekretarijata za privredu. Izlaganje su imali Stevan Ilin\u010di\u0107 pomo\u0107nik direktora i Varga Ferenc iz JVP Vode Vojvodine, Biljana Lati\u0107 iz Vojvodina \u0160ume, Ma\u0161ulovi\u0107 Branislav iz Gradskog muzeja Sombor, Mirjana \u0110eki\u0107 iz Pokrajinskog zavoda za za\u0161titu spomenika kulture i Liljana Sokolova \u0110oki\u0107, Na\u010delnica Zapadnoba\u010dkog okruga.<br \/>\n\t<img loading=\"lazy\" decoding=\"async\" align=\"right\" alt=\"\" height=\"205\" hspace=\"6\" src=\"\/UserFiles\/Image\/Maj2011\/stevan-gecevski-bezdan.JPG\" vspace=\"6\" width=\"150\" \/>\u00a0\u00a0\u00a0\u00a0\u00a0\u00a0\u00a0\u00a0 Na nepotpunost i nedore\u010denost propisa koji reguli\u0161u re\u017eim na unutra\u0161njim plovnim putevima u odnosu na strana plovila ukazali su Ivan Jovanovi\u0107 iz Pokrajinskog sekretarijata za vodoprivredu i \u010dlanovi Udru\u017eenja nauti\u010dara. Zna\u010dajno je u\u010de\u0161\u0107e u radu Foruma Kornelije Mlinarevi\u0107, zamenice direktora Regionalne razvojne agencije za me\u0111unarodnu i regionalnu saradnju iz Osijeka i gradona\u010delnika \u0160ipo\u0161 \u0160andora iz Dra\u017ea i Kinalj \u0160andora iz Na\u0111bara\u010dke, Biljane Mar\u010dete iz turisti\u010dke agencije \u201eMagelan\u201c, kao i Satoru Jokojama predstavnika Japanske turisti\u010dke privrede u Srbiji, \u010dime je Forum dobio me\u0111unarodni karakter.<br \/>\n\t\u00a0\u00a0\u00a0\u00a0\u00a0\u00a0\u00a0\u00a0 O iskustvima iz svakodnevnog rada govorili su predstavnici Be\u010deja, Kule, Vrbasa, Titela, Apatina, Stare Pazove, Udru\u017eenja nauti\u010dara \u201eDunavski propeler\u201c, Mladi turizmolozi kao i privrednici iz te oblasti. JP \u201eTitelski breg\u201c, u ime op\u0161tine Titel, predstavilo je \u201eGeneralni projekat ure\u0111enja priobalja reke Tise i dela Titelskog brega\u201c kao primer dobrog prostornog planiranja u oblasti nauti\u010dkog turizma.<br \/>\n\t\u00a0\u00a0\u00a0\u00a0\u00a0\u00a0\u00a0\u00a0 U\u010destvovanje na ovom Forumu bila je dobra prilika da se predstave nauti\u010dki potencijali Op\u0161tine Titel.<\/p>\n<p style=\"text-align: justify;\">\n\tIzvor: <a href=\"http:\/\/www.opstinatitel.rs\/clanak.php?r=br-409\/%D0%88%D0%9F-%E2%80%9E%D0%A2%D0%B8%D1%82%D0%B5%D0%BB%D1%81%D0%BA%D0%B8-%D0%B1%D1%80%D0%B5%D0%B3%E2%80%9C-%D1%83%D1%87%D0%B5%D1%81%D0%BD%D0%B8%D0%BA-%D0%A4%D0%BE%D1%80%D1%83%D0%BC%D0%B0-%D0%BE-%D0%BD%D0%B0%D1%83%D1%82%D0%B8%D1%87%D0%BA%D0%BE%D0%BC-%D1%82%D1%83%D1%80%D0%B8%D0%B7%D0%BC%D1%83-%D1%83-%D0%91%D0%B5%D0%B7%D0%B4%D0%B0%D0%BD%D1%83.html\" target=\"_blank\" rel=\"noopener noreferrer\">opstinatitel.rs<\/a><\/p>\n<p><strong>Autor:<\/strong> Redakcija<br \/>\n<strong>Datum:<\/strong> 29, 04, 2011.<\/p>\n","protected":false},"excerpt":{"rendered":"<p>BEZDAN: U subotu, 16. aprila 2011. godine u Bezdanu odr\u017ean je Forum o kanalima i rekama i razvoju nauti\u010dkog turizma.<\/p>\n","protected":false},"author":1,"featured_media":0,"comment_status":"open","ping_status":"open","sticky":false,"template":"","format":"standard","meta":{"footnotes":""},"categories":[1],"tags":[],"class_list":["post-16515","post","type-post","status-publish","format-standard","hentry","category-nekategorizovano"],"_links":{"self":[{"href":"https:\/\/ravnica.info\/arhiva\/index.php?rest_route=\/wp\/v2\/posts\/16515","targetHints":{"allow":["GET"]}}],"collection":[{"href":"https:\/\/ravnica.info\/arhiva\/index.php?rest_route=\/wp\/v2\/posts"}],"about":[{"href":"https:\/\/ravnica.info\/arhiva\/index.php?rest_route=\/wp\/v2\/types\/post"}],"author":[{"embeddable":true,"href":"https:\/\/ravnica.info\/arhiva\/index.php?rest_route=\/wp\/v2\/users\/1"}],"replies":[{"embeddable":true,"href":"https:\/\/ravnica.info\/arhiva\/index.php?rest_route=%2Fwp%2Fv2%2Fcomments&post=16515"}],"version-history":[{"count":0,"href":"https:\/\/ravnica.info\/arhiva\/index.php?rest_route=\/wp\/v2\/posts\/16515\/revisions"}],"wp:attachment":[{"href":"https:\/\/ravnica.info\/arhiva\/index.php?rest_route=%2Fwp%2Fv2%2Fmedia&parent=16515"}],"wp:term":[{"taxonomy":"category","embeddable":true,"href":"https:\/\/ravnica.info\/arhiva\/index.php?rest_route=%2Fwp%2Fv2%2Fcategories&post=16515"},{"taxonomy":"post_tag","embeddable":true,"href":"https:\/\/ravnica.info\/arhiva\/index.php?rest_route=%2Fwp%2Fv2%2Ftags&post=16515"}],"curies":[{"name":"wp","href":"https:\/\/api.w.org\/{rel}","templated":true}]}}