{"id":13396,"date":"2010-08-31T00:00:00","date_gmt":"2010-08-30T22:00:00","guid":{"rendered":"http:\/\/localhost\/ravnica\/2010\/08\/31\/sve-spremno-za-prvo-skolsko-zvono\/"},"modified":"2010-08-31T00:00:00","modified_gmt":"2010-08-30T22:00:00","slug":"sve-spremno-za-prvo-skolsko-zvono","status":"publish","type":"post","link":"https:\/\/ravnica.info\/arhiva\/?p=13396","title":{"rendered":"Sve spremno za prvo \u0161kolsko zvono"},"content":{"rendered":"<p style=\"text-align: justify;\"><strong>Temerin: Prvog septembra po\u010dinje nova \u0161kolska godina. Iako su sredstva za veliko spremanje \u0161kolskih zgrada i u\u010dionica bila ograni\u010dena &#8211; ispoljeno je mnogo truda i anga\u017eovanja kako bi se spremno do\u010dekao prvi dan \u0161kole.<\/strong><\/p>\n<p><!--more--><\/p>\n<p style=\"text-align: justify;\">\n\t<img loading=\"lazy\" decoding=\"async\" align=\"left\" alt=\"\" height=\"244\" hspace=\"6\" src=\"\/UserFiles\/Image\/Avgust2010\/prvi-septembar.jpg\" vspace=\"6\" width=\"250\" \/><\/p>\n<p style=\"text-align: justify;\">\n\t\u00a0\u00a0\u00a0\u00a0\u00a0\u00a0\u00a0 U de\u010dijoj ustanovi obavljeno je pranje, \u010di\u0161\u0107enje i dezinfekcija itisona, sanitarnih \u010dvorova i drugih objekata.<br \/>\n\t\u00a0\u00a0\u00a0\u00a0\u00a0\u00a0\u00a0 U O\u0160 Slavko Rodi\u0107 zamenjena su krila na vi\u0161e od 30 prozora, imaju\u0107i u vidu da je \u0161kolska zgrada izgra\u0111ena daleke 1964. godine.<br \/>\n\t\u00a0\u00a0\u00a0\u00a0\u00a0\u00a0\u00a0 U srednjoj \u0161koli Lukijan Mu\u0161icki obavljena je popravka krova na pomo\u0107nom objektu, gde su sredstvima donacije iz Ma\u0111arske ure\u0111ene dve nove u\u010dionice.<br \/>\n\t\u00a0\u00a0\u00a0\u00a0\u00a0\u00a0\u00a0 Zbog ograni\u010denih sredstava nisu nastavljeni radovi na novom objektu De\u010dije ustanove Veljko Vlahovi\u0107 u Sirigu.<br \/>\n\t\u00a0\u00a0\u00a0\u00a0\u00a0\u00a0\u00a0 Za sanaciju objekta i zameni krovnih panela na zgradi O\u0160 Petar Ko\u010di\u0107 u MZ Staro \u0110ur\u0111evo ulo\u017eeno je 10 miliona dinara. Pribaljene su mnoge saglasnosti, ali jo\u0161 uvek nije stigla upotrebna dozvola, pa \u0107e u\u010denici vi\u0161ih razreda iz ove mesne zajednice, bar u septembru poha\u0111ati nastavu u centralnoj zgradi u Temerinu.<\/p>\n<p><strong>Autor:<\/strong> Mile Milojevi\u0107<br \/>\n<strong>Datum:<\/strong> 31, 08, 2010.<\/p>\n","protected":false},"excerpt":{"rendered":"<p>Temerin: Prvog septembra po\u010dinje nova \u0161kolska godina. Iako su sredstva za veliko spremanje \u0161kolskih zgrada i u\u010dionica bila ograni\u010dena &#8211; ispoljeno je mnogo truda i anga\u017eovanja kako bi se spremno do\u010dekao prvi dan \u0161kole.<\/p>\n","protected":false},"author":1,"featured_media":0,"comment_status":"open","ping_status":"open","sticky":false,"template":"","format":"standard","meta":{"footnotes":""},"categories":[1],"tags":[],"class_list":["post-13396","post","type-post","status-publish","format-standard","hentry","category-nekategorizovano"],"_links":{"self":[{"href":"https:\/\/ravnica.info\/arhiva\/index.php?rest_route=\/wp\/v2\/posts\/13396","targetHints":{"allow":["GET"]}}],"collection":[{"href":"https:\/\/ravnica.info\/arhiva\/index.php?rest_route=\/wp\/v2\/posts"}],"about":[{"href":"https:\/\/ravnica.info\/arhiva\/index.php?rest_route=\/wp\/v2\/types\/post"}],"author":[{"embeddable":true,"href":"https:\/\/ravnica.info\/arhiva\/index.php?rest_route=\/wp\/v2\/users\/1"}],"replies":[{"embeddable":true,"href":"https:\/\/ravnica.info\/arhiva\/index.php?rest_route=%2Fwp%2Fv2%2Fcomments&post=13396"}],"version-history":[{"count":0,"href":"https:\/\/ravnica.info\/arhiva\/index.php?rest_route=\/wp\/v2\/posts\/13396\/revisions"}],"wp:attachment":[{"href":"https:\/\/ravnica.info\/arhiva\/index.php?rest_route=%2Fwp%2Fv2%2Fmedia&parent=13396"}],"wp:term":[{"taxonomy":"category","embeddable":true,"href":"https:\/\/ravnica.info\/arhiva\/index.php?rest_route=%2Fwp%2Fv2%2Fcategories&post=13396"},{"taxonomy":"post_tag","embeddable":true,"href":"https:\/\/ravnica.info\/arhiva\/index.php?rest_route=%2Fwp%2Fv2%2Ftags&post=13396"}],"curies":[{"name":"wp","href":"https:\/\/api.w.org\/{rel}","templated":true}]}}