{"id":12356,"date":"2009-08-29T00:00:00","date_gmt":"2009-08-28T22:00:00","guid":{"rendered":"http:\/\/localhost\/ravnica\/2009\/08\/29\/veslaci-i-oldtajmeri\/"},"modified":"2009-08-29T00:00:00","modified_gmt":"2009-08-28T22:00:00","slug":"veslaci-i-oldtajmeri","status":"publish","type":"post","link":"https:\/\/ravnica.info\/arhiva\/?p=12356","title":{"rendered":"Vesla\u010di i oldtajmeri"},"content":{"rendered":"<p style=\"text-align: justify;\"><strong>U okviru Velikogospojinskih sve\u010danosti, u Titelu u subotu 29. avgusta 2009. odr\u017ean je Tre\u0107i kup Srbije u veslanju i  Petnaesti me\u0111unarodni susret starovremenskih vozila.<\/strong><\/p>\n<p><!--more--><\/p>\n<div align=\"center\">\n<img loading=\"lazy\" decoding=\"async\" height=\"338\" width=\"450\" align=\"middle\" alt=\"\" src=\"\/UserFiles\/Image\/Avgust2009\/veslanje-1.jpg\" \/><br \/>\n<font size=\"2\">Vesla\u010di &#8211; Titel 2009.<\/font><\/p>\n<p><img loading=\"lazy\" decoding=\"async\" height=\"338\" width=\"450\" align=\"middle\" alt=\"\" src=\"\/UserFiles\/Image\/Avgust2009\/veslanje-2.jpg\" \/><br \/>\n<font size=\"2\">Vesla\u010di &#8211; Titel 2009.<\/font><\/p>\n<p><img loading=\"lazy\" decoding=\"async\" height=\"338\" width=\"450\" align=\"middle\" alt=\"\" src=\"\/UserFiles\/Image\/Avgust2009\/veslanje-3.jpg\" \/><br \/>\n<font size=\"2\">Vesla\u010di &#8211; Titel 2009.<\/font><\/p>\n<p><img loading=\"lazy\" decoding=\"async\" height=\"338\" width=\"450\" align=\"middle\" alt=\"\" src=\"\/UserFiles\/Image\/Avgust2009\/veslanje-4.jpg\" \/><br \/>\n<font size=\"2\">Vesla\u010di &#8211; Titel 2009.<\/font><\/p>\n<p><img loading=\"lazy\" decoding=\"async\" height=\"245\" width=\"450\" align=\"middle\" alt=\"\" src=\"\/UserFiles\/Image\/Avgust2009\/oldtajmeri-1.jpg\" \/><br \/>\n<font size=\"2\">Oldtajmeri &#8211; Titel 2009.<\/font><\/p>\n<p><img loading=\"lazy\" decoding=\"async\" height=\"295\" width=\"450\" align=\"middle\" alt=\"\" src=\"\/UserFiles\/Image\/Avgust2009\/oldtajmeri-2.jpg\" \/><br \/>\n<font size=\"2\">Oldtajmeri &#8211; Titel 2009.<\/font><\/p>\n<p><img loading=\"lazy\" decoding=\"async\" height=\"212\" width=\"450\" align=\"middle\" alt=\"\" src=\"\/UserFiles\/Image\/Avgust2009\/oldtajmeri-3.jpg\" \/><br \/>\n<font size=\"2\">Oldtajmeri &#8211; Titel 2009.<\/font><\/p>\n<p><img loading=\"lazy\" decoding=\"async\" height=\"317\" width=\"450\" align=\"middle\" alt=\"\" src=\"\/UserFiles\/Image\/Avgust2009\/oldtajmeri-4.jpg\" \/><br \/>\n<font size=\"2\">Oldtajmeri &#8211; Titel 2009.<\/font><\/div>\n<p><strong>Autor:<\/strong> Redakcija Ravnica INFO<br \/>\n<strong>Datum:<\/strong> 29, 08, 2009.<\/p>\n","protected":false},"excerpt":{"rendered":"<p>U okviru Velikogospojinskih sve\u010danosti, u Titelu u subotu 29. avgusta 2009. odr\u017ean je Tre\u0107i kup Srbije u veslanju i  Petnaesti me\u0111unarodni susret starovremenskih vozila.<\/p>\n","protected":false},"author":1,"featured_media":0,"comment_status":"open","ping_status":"open","sticky":false,"template":"","format":"standard","meta":{"footnotes":""},"categories":[1],"tags":[],"class_list":["post-12356","post","type-post","status-publish","format-standard","hentry","category-nekategorizovano"],"_links":{"self":[{"href":"https:\/\/ravnica.info\/arhiva\/index.php?rest_route=\/wp\/v2\/posts\/12356","targetHints":{"allow":["GET"]}}],"collection":[{"href":"https:\/\/ravnica.info\/arhiva\/index.php?rest_route=\/wp\/v2\/posts"}],"about":[{"href":"https:\/\/ravnica.info\/arhiva\/index.php?rest_route=\/wp\/v2\/types\/post"}],"author":[{"embeddable":true,"href":"https:\/\/ravnica.info\/arhiva\/index.php?rest_route=\/wp\/v2\/users\/1"}],"replies":[{"embeddable":true,"href":"https:\/\/ravnica.info\/arhiva\/index.php?rest_route=%2Fwp%2Fv2%2Fcomments&post=12356"}],"version-history":[{"count":0,"href":"https:\/\/ravnica.info\/arhiva\/index.php?rest_route=\/wp\/v2\/posts\/12356\/revisions"}],"wp:attachment":[{"href":"https:\/\/ravnica.info\/arhiva\/index.php?rest_route=%2Fwp%2Fv2%2Fmedia&parent=12356"}],"wp:term":[{"taxonomy":"category","embeddable":true,"href":"https:\/\/ravnica.info\/arhiva\/index.php?rest_route=%2Fwp%2Fv2%2Fcategories&post=12356"},{"taxonomy":"post_tag","embeddable":true,"href":"https:\/\/ravnica.info\/arhiva\/index.php?rest_route=%2Fwp%2Fv2%2Ftags&post=12356"}],"curies":[{"name":"wp","href":"https:\/\/api.w.org\/{rel}","templated":true}]}}