{"id":10947,"date":"2007-12-31T00:00:00","date_gmt":"2007-12-30T23:00:00","guid":{"rendered":"http:\/\/localhost\/ravnica\/2007\/12\/31\/novcane-nadoknade-za-novorodjencad\/"},"modified":"2007-12-31T00:00:00","modified_gmt":"2007-12-30T23:00:00","slug":"novcane-nadoknade-za-novorodjencad","status":"publish","type":"post","link":"https:\/\/ravnica.info\/arhiva\/?p=10947","title":{"rendered":"Nov\u010dane nadoknade za novoro\u0111en\u010dad"},"content":{"rendered":"<p style=\"text-align: justify;\"><strong>Danas su u Ba\u010dkom Jarku podeljene nov\u010dane nadoknade za decu ro\u0111enu u novembru 2007. godine<\/strong><\/p>\n<p><!--more--><\/p>\n<p align=\"justify\"><font size=\"2\"><span style=\"font-size: 10pt; font-family: Arial;\"><img loading=\"lazy\" decoding=\"async\" width=\"300\" vspace=\"6\" hspace=\"6\" height=\"199\" align=\"left\" src=\"\/UserFiles\/Image\/decembar vesti\/beba.jpg\" alt=\"\" \/><\/span><\/font><font size=\"2\"><span style=\"font-size: 10pt; font-family: Arial;\">\u00a0\u00a0\u00a0\u00a0\u00a0\u00a0\u00a0 Danas je u Mesnoj zajednici Ba\u010dki Jarak uz prigodnu sve\u010danost podeljeno 8 nov\u010danih nadoknada za ro\u0111eno dete u ovoj godini. Na programu su bila deca ro\u0111ena u novembru dok \u0107e deca ro\u0111ena u decembru nov\u010danu nadoknadu dobiti krajem januara. Predsednik Saveta Mesne zajednice Ba\u010dki Jarak je pozdravio prisutne roditelje i rekao da bi ih voleo videti i slede\u0107e godine \u0161to je propra\u0107eno smehom.<\/span><br \/>\n<\/font> <font size=\"2\"><span style=\"font-size: 10pt; font-family: Arial;\"><\/span><\/font><font size=\"2\"><span style=\"font-size: 10pt; font-family: Arial;\"><\/span><\/font><font size=\"2\"><span style=\"font-size: 10pt; font-family: Arial;\">\u00a0\u00a0\u00a0\u00a0\u00a0\u00a0\u00a0 Za posetioce sajta Ravnica INFO predsednik Saveta Mesne Zajednice Dunovi\u0107 je izjavio slede\u0107e: \u201eSvim posetiocima sajta, gra\u0111anima Mesne zajednice Ba\u010dki Jarak, op\u0161tine Temerin i \u0161ajka\u0161ke oblasti \u017eeleo bi u novoj godini pre svega mnogo zdravlja, sre\u0107e i blagostanja i da predstoje\u0107e novogodi\u0161nje praznike provedete u miru u krugu najmilijih i da vam naredna bude uspe\u0161nija u svakom pogledu. Da ste \u017eivi i zdravi.\u201c <o:p><\/o:p><\/span><\/font><\/p>\n<div style=\"text-align: center;\"> <\/div>\n<p><strong>Autor:<\/strong> Dalibor Mudrini\u0107<br \/>\n<strong>Datum:<\/strong> 31, 12, 2007.<\/p>\n","protected":false},"excerpt":{"rendered":"<p>Danas su u Ba\u010dkom Jarku podeljene nov\u010dane nadoknade za decu ro\u0111enu u novembru 2007. godine<\/p>\n","protected":false},"author":1,"featured_media":0,"comment_status":"open","ping_status":"open","sticky":false,"template":"","format":"standard","meta":{"footnotes":""},"categories":[1],"tags":[],"class_list":["post-10947","post","type-post","status-publish","format-standard","hentry","category-nekategorizovano"],"_links":{"self":[{"href":"https:\/\/ravnica.info\/arhiva\/index.php?rest_route=\/wp\/v2\/posts\/10947","targetHints":{"allow":["GET"]}}],"collection":[{"href":"https:\/\/ravnica.info\/arhiva\/index.php?rest_route=\/wp\/v2\/posts"}],"about":[{"href":"https:\/\/ravnica.info\/arhiva\/index.php?rest_route=\/wp\/v2\/types\/post"}],"author":[{"embeddable":true,"href":"https:\/\/ravnica.info\/arhiva\/index.php?rest_route=\/wp\/v2\/users\/1"}],"replies":[{"embeddable":true,"href":"https:\/\/ravnica.info\/arhiva\/index.php?rest_route=%2Fwp%2Fv2%2Fcomments&post=10947"}],"version-history":[{"count":0,"href":"https:\/\/ravnica.info\/arhiva\/index.php?rest_route=\/wp\/v2\/posts\/10947\/revisions"}],"wp:attachment":[{"href":"https:\/\/ravnica.info\/arhiva\/index.php?rest_route=%2Fwp%2Fv2%2Fmedia&parent=10947"}],"wp:term":[{"taxonomy":"category","embeddable":true,"href":"https:\/\/ravnica.info\/arhiva\/index.php?rest_route=%2Fwp%2Fv2%2Fcategories&post=10947"},{"taxonomy":"post_tag","embeddable":true,"href":"https:\/\/ravnica.info\/arhiva\/index.php?rest_route=%2Fwp%2Fv2%2Ftags&post=10947"}],"curies":[{"name":"wp","href":"https:\/\/api.w.org\/{rel}","templated":true}]}}