{"id":10671,"date":"2007-09-03T00:00:00","date_gmt":"2007-09-02T22:00:00","guid":{"rendered":"http:\/\/localhost\/ravnica\/2007\/09\/03\/oda-rataru-i-oranici\/"},"modified":"2007-09-03T00:00:00","modified_gmt":"2007-09-02T22:00:00","slug":"oda-rataru-i-oranici","status":"publish","type":"post","link":"https:\/\/ravnica.info\/arhiva\/?p=10671","title":{"rendered":"Oda rataru i oranici"},"content":{"rendered":"<p style=\"text-align: justify;\"><strong>Uspe\u0161an debi Vere S. \u010celi\u0107 u rodnoj \u0160ajka\u0161koj<\/strong><\/p>\n<p><!--more--><\/p>\n<div align=\"justify\">  <\/div>\n<div align=\"justify\">  <\/div>\n<div align=\"center\"><font size=\"2\"><span style=\"font-size: 10pt; font-family: Arial;\"><img loading=\"lazy\" decoding=\"async\" width=\"450\" height=\"338\" align=\"middle\" src=\"\/UserFiles\/Image\/Septembar2007vesti\/Vera-Celic.jpg\" alt=\"\" \/><\/span><\/font><\/div>\n<p align=\"justify\" class=\"MsoNormal\" style=\"text-align: justify;\"><font size=\"2\"><span style=\"font-size: 10pt; font-family: Arial;\">\u00a0\u00a0\u00a0\u00a0\u00a0\u00a0\u00a0 U sali Kulturno-umetni\u010dkog dru\u0161tva &#8220;\u0160ajka\u0161&#8220;, a u organizaciji Aktiva \u017eena koji deluje pri ovom dru\u0161tvu, odr\u017eano je proteklog vikenda jo\u0161 jedno veoma uspelo ve\u010de poezije Vere S. \u010celi\u0107 iz Loka. Ovo je Verino prvo samostalno pesni\u010dko ve\u010de u rodnoj \u0160ajka\u0161koj. Do sada je ona samostalno nastupala jedino u Beogradu. Uz brojne \u0160ajka\u0161ane, velike i male, i goste iz drugih naselja \u0160ajka\u0161ke, pesni\u010dkom dru\u017eenju prisustvovali su i predsednik Skup\u0161tine op\u0161tine Titel Milan Nastasi\u0107 kao i direktor Narodne biblioteke &#8220;Stojan Trumi\u0107&#8220; iz Titela \u0110or\u0111e \u0160arki\u0107.<\/span><\/font><\/p>\n<div align=\"center\"><font size=\"2\"><span style=\"font-size: 10pt; font-family: Arial;\"><img loading=\"lazy\" decoding=\"async\" width=\"450\" height=\"338\" align=\"middle\" src=\"\/UserFiles\/Image\/Septembar2007vesti\/Deca-slusaju-pesme.jpg\" alt=\"\" \/><\/span><\/font><\/div>\n<p align=\"justify\" class=\"MsoNormal\" style=\"text-align: justify;\"><font size=\"2\"><span style=\"font-size: 10pt; font-family: Arial;\">\u00a0<span style=\"\">\u00a0\u00a0\u00a0\u00a0\u00a0\u00a0\u00a0\u00a0\u00a0 <\/span>Za najmla\u0111e, kojih je bilo u prili\u010dnom broju, Vera je govorila de\u010dje pesme iz svoje najnovije zbirke &#8220;Koje je boje osmeh&#8220;. Bilo je tu od realisti\u010dkih do bajkovitih pesmica iz kojih su deca mogla saznati o \u017eivotu i radostima najmla\u0111ih u nekima, za njih, davno prohujalim vremenima. Starijima je pesnikinja priu\u0161tila ciklus pesama o ravnici i selu, koje su prava oda rataru i oranici. Brojne slike iz pesama vra\u0107ale su prisutne u detinjstvo, lepo ali te\u0161ko, \u0161to je kod nekih propra\u0107eno i po kojom suzom. Zavr\u0161ila je ciklusom boemskih pesama, kojim \u0107e se uskoro pojaviti i na beogradskoj Skadarliji. Na kraju programa, pozvala je prisutne kolege pesnike koji su govorili svoje pesme: Velinka Jani\u0107 \u2013 Karanovi\u0107, Slavka Popovi\u0107, Dragan Kolarov i Mirko \u017digi\u0107. U programu je u\u010destvovao i Dejan Kuzmanovi\u0107, u\u010denik \u0161estog razreda Osnovne \u0161kole &#8220;Isidora Sekuli\u0107&#8220; iz \u0160ajka\u0161a, koji je na fruli izveo nekoliko poznatih narodnih pesama i igara.<br \/>\n<span style=\"\">\u00a0\u00a0\u00a0\u00a0\u00a0\u00a0\u00a0\u00a0\u00a0 <\/span>Vera S. \u010celi\u0107 pi\u0161e pesme rane mladosti. Do sada je objavila tri zbirke pesama: &#8220;Baterija&#8220; (ratni dnevnik iz 1999.), &#8220;Ranjena srna&#8220; (2004.) i &#8220;Koje je boje osmeh&#8220; (2007.). Od 2006. godine \u010dlan je Udru\u017eenja knji\u017eevnika Srbije.<\/span><\/font><\/p>\n<div align=\"center\"><font size=\"2\"><span style=\"font-size: 10pt; font-family: Arial;\"><img loading=\"lazy\" decoding=\"async\" width=\"450\" height=\"338\" align=\"middle\" src=\"\/UserFiles\/Image\/Septembar2007vesti\/izlozba-Sajkas.jpg\" alt=\"\" \/><\/span><\/font><\/div>\n<p align=\"justify\" class=\"MsoNormal\" style=\"text-align: justify;\"><font size=\"2\"><span style=\"font-size: 10pt; font-family: Arial;\">\u00a0<\/span><\/font><font size=\"2\"><span style=\"font-size: 10pt; font-family: Arial;\"><span style=\"\">\u00a0\u00a0\u00a0\u00a0\u00a0\u00a0\u00a0\u00a0\u00a0 <\/span>Da to ne bude zapam\u0107eno samo kao pesni\u010dko ve\u010de potrudile su se \u010dlanice Aktiva \u017eena koje su pripremile skromnu, ali zanimljivu i lepu izlo\u017ebu ru\u010dnih radova, starih upotrebnih predmeta i plodova oranice. Nakon programa prisutni su probali i razne \u0111akonije doma\u0107e kuhinje. <\/span><\/font><\/p>\n<p><strong>Autor:<\/strong> Nikola D. Turajli\u0107<br \/>\n<strong>Datum:<\/strong> 03, 09, 2007.<\/p>\n","protected":false},"excerpt":{"rendered":"<p>Uspe\u0161an debi Vere S. \u010celi\u0107 u rodnoj \u0160ajka\u0161koj<\/p>\n","protected":false},"author":1,"featured_media":0,"comment_status":"open","ping_status":"open","sticky":false,"template":"","format":"standard","meta":{"footnotes":""},"categories":[1],"tags":[],"class_list":["post-10671","post","type-post","status-publish","format-standard","hentry","category-nekategorizovano"],"_links":{"self":[{"href":"https:\/\/ravnica.info\/arhiva\/index.php?rest_route=\/wp\/v2\/posts\/10671","targetHints":{"allow":["GET"]}}],"collection":[{"href":"https:\/\/ravnica.info\/arhiva\/index.php?rest_route=\/wp\/v2\/posts"}],"about":[{"href":"https:\/\/ravnica.info\/arhiva\/index.php?rest_route=\/wp\/v2\/types\/post"}],"author":[{"embeddable":true,"href":"https:\/\/ravnica.info\/arhiva\/index.php?rest_route=\/wp\/v2\/users\/1"}],"replies":[{"embeddable":true,"href":"https:\/\/ravnica.info\/arhiva\/index.php?rest_route=%2Fwp%2Fv2%2Fcomments&post=10671"}],"version-history":[{"count":0,"href":"https:\/\/ravnica.info\/arhiva\/index.php?rest_route=\/wp\/v2\/posts\/10671\/revisions"}],"wp:attachment":[{"href":"https:\/\/ravnica.info\/arhiva\/index.php?rest_route=%2Fwp%2Fv2%2Fmedia&parent=10671"}],"wp:term":[{"taxonomy":"category","embeddable":true,"href":"https:\/\/ravnica.info\/arhiva\/index.php?rest_route=%2Fwp%2Fv2%2Fcategories&post=10671"},{"taxonomy":"post_tag","embeddable":true,"href":"https:\/\/ravnica.info\/arhiva\/index.php?rest_route=%2Fwp%2Fv2%2Ftags&post=10671"}],"curies":[{"name":"wp","href":"https:\/\/api.w.org\/{rel}","templated":true}]}}