{"id":10669,"date":"2007-08-30T00:00:00","date_gmt":"2007-08-29T22:00:00","guid":{"rendered":"http:\/\/localhost\/ravnica\/2007\/08\/30\/nauticki-turizam-na-tisi-u-povoju\/"},"modified":"2007-08-30T00:00:00","modified_gmt":"2007-08-29T22:00:00","slug":"nauticki-turizam-na-tisi-u-povoju","status":"publish","type":"post","link":"https:\/\/ravnica.info\/arhiva\/?p=10669","title":{"rendered":"Nauti\u010dki turizam na Tisi u povoju"},"content":{"rendered":"<p style=\"text-align: justify;\"><strong>\u0160est studenata Prirodno matemati\u010dkog fakulteta departmana za  turizam, hotelijerstvo i geografiju iz Novog sada plove\u0107i Tisom i obilaze\u0107i mesta uz reku analizirali su stanje i mogu\u0107nosti razvoja nauti\u010dkog turizma u Potisju Srbije.<\/strong><\/p>\n<p><!--more--><\/p>\n<p align=\"center\" class=\"MsoNormal\"><font size=\"2\"><span style=\"font-family: Arial;\"><img loading=\"lazy\" decoding=\"async\" width=\"450\" height=\"338\" align=\"middle\" alt=\"\" src=\"\/UserFiles\/Image\/Avgust2007vesti\/Anima.jpg\" \/><br \/>\n<\/span><\/font><\/p>\n<p align=\"justify\" class=\"MsoNormal\"><font size=\"2\"><span style=\"font-family: Arial;\">\u00a0\u00a0\u00a0\u00a0\u00a0\u00a0\u00a0 Krenuli su iz Beograda brodovima Anima i Pu\u017e. Pored kapetana tu je bio i kamerman. Studenti, od septembra tre\u0107e i \u010detvrte godine, su \u010dlanovi Dru\u0161tva mladih istra\u017eiva\u010da &#8222;Branislav Bukurov&#8220; na institutu za geografiju pristali su u sva naselja uz reku Titel, Novi Be\u010dej, Sentu, Kanji\u017eu, a u povratku<span style=\"\">\u00a0 <\/span>Novi Kne\u017eevac, Adu, Mol, Stari Be\u010dej, Aradac, Zrenjanin i ponovo u Titel. Upoznali su se sa kulturnim, istorijskim, sakralnim objektima i ostalom turisti\u010dkom ponudom.<\/span><\/font><\/p>\n<p align=\"center\" class=\"MsoNormal\"><font size=\"2\"><span style=\"font-family: Arial;\"><img loading=\"lazy\" decoding=\"async\" width=\"450\" height=\"317\" align=\"middle\" alt=\"\" src=\"\/UserFiles\/Image\/Avgust2007vesti\/mladi-geografi-sa-kapetanim.jpg\" \/><\/span><\/font><\/p>\n<p align=\"justify\" class=\"MsoNormal\"><font size=\"2\"><span style=\"font-family: Arial;\">\u00a0\u00a0\u00a0\u00a0\u00a0\u00a0\u00a0\u00a0 Njihov op\u0161ti utisak je da je Tisa prelepa, da njom plovi jako malo brodova, ali da je nauti\u010dki turizam u povoju. &#8211; Ne mo\u017ee se re\u0107i da da su pristani\u0161ta u lo\u0161em stanju, nego ih skoro nema. Utisak je da su manja mesta gostoljubivija, a razo\u010darali su ih Zrenjaninci. (Jer je njihov cilj bio da se upoznaju sa mogu\u0107nostima mesta koja su kanalima vezana za Tisu). &#8211; Neosporno je da su potencijali veliki, ali da mesta uz Tisu nisu obezbedila infrastrukturu za nauti\u010dki turizam. Uz reku nema benzinskih pumpi, vode, pristana, isti\u010de Sanja Nikoli\u0107, jedan od koordinatora ove akcije. Kapetani se sla\u017eu sa zaklju\u010dcima studenata i dodaju da je za Tisu veliki problem so\u010divica koju Ma\u0111ari pu\u0161taju svakih 15 dana i da bi se taj problem morao re\u0161iti izme\u0111u dve dr\u017eave.<span style=\"\"><br \/>\n\u00a0\u00a0\u00a0\u00a0\u00a0\u00a0\u00a0 <\/span>Jelica Markovi\u0107 dodaje da \u0107e sa ovog putovanja uraditi dokumentarni film, uz pomo\u0107\u00a0<\/span><\/font><font size=\"2\"><span style=\"font-family: Arial;\"> televizije F Travel<\/span><\/font><font size=\"2\"><span style=\"font-family: Arial;\">, za Festival turisti\u010dkog filma, a da od ovog nau\u010dnog putovanja ne bi bilo ni\u0161ta da nije bilo pomo\u0107i Dru\u0161tva &#8222;Branislav Bukurov&#8220; i firmi &#8222;Go\u0161a&#8220; iz Smederevske Palanke i &#8222;Led\u017eent&#8220; iz Subotice.<\/span><\/font><\/p>\n<p align=\"justify\" class=\"MsoNormal\"><font size=\"2\"><span style=\"font-family: Arial;\"><o:p><br \/>\n\u00a0\u00a0\u00a0\u00a0\u00a0\u00a0\u00a0 <\/o:p>Mladi istra\u017eiva\u010di izneli su najupe\u010datljiviji utisak sa ovog putovanja<o:p><\/o:p><\/span><\/font><\/p>\n<div align=\"justify\"> <\/div>\n<p align=\"justify\" class=\"MsoNormal\"><font size=\"2\"><span style=\"font-family: Arial;\"><strong><img loading=\"lazy\" decoding=\"async\" width=\"150\" height=\"113\" align=\"left\" alt=\"\" src=\"\/UserFiles\/Image\/Avgust2007vesti\/Olja.jpg\" \/><\/strong><\/span><\/font><\/p>\n<p align=\"justify\" class=\"MsoNormal\"><font size=\"2\"><span style=\"font-family: Arial;\"><\/span><\/font><\/p>\n<p align=\"justify\" class=\"MsoNormal\"><font size=\"2\"><span style=\"font-family: Arial;\"><\/span><\/font><\/p>\n<p align=\"justify\" class=\"MsoNormal\"><font size=\"2\"><span style=\"font-family: Arial;\"><\/span><\/font><\/p>\n<p align=\"justify\" class=\"MsoNormal\"><font size=\"2\"><span style=\"font-family: Arial;\"><\/span><\/font><\/p>\n<p align=\"justify\" class=\"MsoNormal\"><font size=\"2\"><span style=\"font-family: Arial;\"><strong><br \/>\nOlja Zvizdi\u0107<\/strong>, III godina, Kosjeri\u0107<o:p><\/o:p><\/span><\/font><\/p>\n<div align=\"justify\"> <\/div>\n<p align=\"justify\" class=\"MsoNormal\"><font size=\"2\"><span style=\"font-family: Arial;\">Odu\u0161evila me Senta i gostoljubivost me\u0161tana. Lepa im je gradska ku\u0107a, muzej sa galerijom, sala\u0161 &#8222;Kraljica voda&#8220;<\/span><\/font><\/p>\n<p align=\"justify\" class=\"MsoNormal\"><font size=\"2\"><span style=\"font-family: Arial;\"><\/span><\/font><\/p>\n<p align=\"justify\" class=\"MsoNormal\"><font size=\"2\"><span style=\"font-family: Arial;\"><br \/>\n<\/span><\/font><\/p>\n<p align=\"justify\" class=\"MsoNormal\"><font size=\"2\"><span style=\"font-family: Arial;\"><o:p><\/o:p><\/span><\/font><\/p>\n<div align=\"justify\"> <\/div>\n<p align=\"justify\" class=\"MsoNormal\"><font size=\"2\"><span style=\"font-family: Arial;\"><strong><img loading=\"lazy\" decoding=\"async\" width=\"150\" height=\"113\" align=\"left\" alt=\"\" src=\"\/UserFiles\/Image\/Avgust2007vesti\/Jelica.jpg\" \/><\/strong><\/span><\/font><\/p>\n<p align=\"justify\" class=\"MsoNormal\"><font size=\"2\"><span style=\"font-family: Arial;\"><\/span><\/font><\/p>\n<p align=\"justify\" class=\"MsoNormal\"><font size=\"2\"><span style=\"font-family: Arial;\"><\/span><\/font><\/p>\n<p align=\"justify\" class=\"MsoNormal\"><font size=\"2\"><span style=\"font-family: Arial;\"><\/span><\/font><\/p>\n<p align=\"justify\" class=\"MsoNormal\"><font size=\"2\"><span style=\"font-family: Arial;\"><\/span><\/font><\/p>\n<p align=\"justify\" class=\"MsoNormal\"><font size=\"2\"><span style=\"font-family: Arial;\"><strong><br \/>\nJelica Markovi\u0107<\/strong>, III godina,<span style=\"\">\u00a0 <\/span>Smederevska Palanka <o:p><\/o:p><\/span><\/font><\/p>\n<div align=\"justify\"> <\/div>\n<p align=\"justify\" class=\"MsoNormal\"><font size=\"2\"><span style=\"font-family: Arial;\">Etno ku\u0107a &#8222;Bogojevi\u0107&#8220; u Titelu sa izlo\u017ebom starih zanata u Novom Be\u010deju srednjovekovna crkva izgra\u0111ena 1228.<o:p> <br \/>\n<\/o:p><\/span><\/font><\/p>\n<p align=\"justify\" class=\"MsoNormal\"><font size=\"2\"><span style=\"font-family: Arial;\"><o:p><\/o:p><\/span><\/font><\/p>\n<p align=\"justify\" class=\"MsoNormal\"><font size=\"2\"><span style=\"font-family: Arial;\"><o:p><br \/>\n<\/o:p><\/span><\/font><\/p>\n<div align=\"justify\"> <\/div>\n<p align=\"justify\" class=\"MsoNormal\"><font size=\"2\"><span style=\"font-family: Arial;\"><strong><img loading=\"lazy\" decoding=\"async\" width=\"150\" height=\"117\" align=\"left\" alt=\"\" src=\"\/UserFiles\/Image\/Avgust2007vesti\/Nebojsa.jpg\" \/><\/strong><\/span><\/font><\/p>\n<p align=\"justify\" class=\"MsoNormal\"><font size=\"2\"><span style=\"font-family: Arial;\"><\/span><\/font><\/p>\n<p align=\"justify\" class=\"MsoNormal\"><font size=\"2\"><span style=\"font-family: Arial;\"><\/span><\/font><\/p>\n<p align=\"justify\" class=\"MsoNormal\"><font size=\"2\"><span style=\"font-family: Arial;\"><\/span><\/font><\/p>\n<p align=\"justify\" class=\"MsoNormal\"><font size=\"2\"><span style=\"font-family: Arial;\"><strong><\/p>\n<p><\/strong><\/span><\/font><\/p>\n<p align=\"justify\" class=\"MsoNormal\"><font size=\"2\"><span style=\"font-family: Arial;\"><strong>Neboj\u0161a \u0110or\u0111evi\u0107<\/strong>, IV godina, Ledinci <o:p><\/o:p><\/span><\/font><\/p>\n<div align=\"justify\"> <\/div>\n<p align=\"justify\" class=\"MsoNormal\"><font size=\"2\"><span style=\"font-family: Arial;\">Ada i Mol sa svojom toplinom, gostoljubivo\u0161\u0107u<span style=\"\">\u00a0 <\/span>u odnosu na hladni Zrenjanin<\/span><\/font><\/p>\n<p><\/p>\n<p align=\"justify\" class=\"MsoNormal\"><font size=\"2\"><span style=\"font-family: Arial;\"><o:p><\/o:p><\/span><\/font><\/p>\n<div align=\"justify\"> <\/div>\n<p align=\"justify\" class=\"MsoNormal\"><font size=\"2\"><span style=\"font-family: Arial;\"><strong><img loading=\"lazy\" decoding=\"async\" width=\"150\" height=\"113\" align=\"left\" alt=\"\" src=\"\/UserFiles\/Image\/Avgust2007vesti\/Ivana.jpg\" \/><\/strong><\/span><\/font><\/p>\n<p align=\"justify\" class=\"MsoNormal\"><font size=\"2\"><span style=\"font-family: Arial;\"><\/span><\/font><\/p>\n<p align=\"justify\" class=\"MsoNormal\"><font size=\"2\"><span style=\"font-family: Arial;\"><\/span><\/font><\/p>\n<p align=\"justify\" class=\"MsoNormal\"><font size=\"2\"><span style=\"font-family: Arial;\"><\/span><\/font><\/p>\n<p align=\"justify\" class=\"MsoNormal\"><font size=\"2\"><span style=\"font-family: Arial;\"><strong><\/p>\n<p><\/strong><\/span><\/font><\/p>\n<p align=\"justify\" class=\"MsoNormal\"><font size=\"2\"><span style=\"font-family: Arial;\"><strong>Ivana Jovi\u010di\u0107<\/strong>, III godina, \u0160abac<o:p><\/o:p><\/span><\/font><\/p>\n<div align=\"justify\"> <\/div>\n<p align=\"justify\" class=\"MsoNormal\"><font size=\"2\"><span style=\"font-family: Arial;\">Svako mesto ima ne\u0161to zna\u010dajno, a Titelski breg je neiskori\u0161\u0107en nepresu\u0161an izvor turisti\u010dke ponude.<\/span><\/font><\/p>\n<p><\/p>\n<p align=\"justify\" class=\"MsoNormal\"><font size=\"2\"><span style=\"font-family: Arial;\"><o:p><\/o:p><\/span><\/font><\/p>\n<div align=\"justify\"> <\/div>\n<p align=\"justify\" class=\"MsoNormal\"><font size=\"2\"><span style=\"font-family: Arial;\"><strong><img loading=\"lazy\" decoding=\"async\" width=\"150\" height=\"113\" align=\"left\" alt=\"\" src=\"\/UserFiles\/Image\/Avgust2007vesti\/Sandra.jpg\" \/><\/strong><\/span><\/font><\/p>\n<p align=\"justify\" class=\"MsoNormal\"><font size=\"2\"><span style=\"font-family: Arial;\"><\/span><\/font><\/p>\n<p align=\"justify\" class=\"MsoNormal\"><font size=\"2\"><span style=\"font-family: Arial;\"><\/span><\/font><\/p>\n<p align=\"justify\" class=\"MsoNormal\"><font size=\"2\"><span style=\"font-family: Arial;\"><\/span><\/font><\/p>\n<p align=\"justify\" class=\"MsoNormal\"><font size=\"2\"><span style=\"font-family: Arial;\"><strong><\/p>\n<p><\/strong><\/span><\/font><\/p>\n<p align=\"justify\" class=\"MsoNormal\"><font size=\"2\"><span style=\"font-family: Arial;\"><strong>Sandra Mani\u0107<\/strong>, II godina, Ni\u0161<o:p><\/o:p><\/span><\/font><\/p>\n<div align=\"justify\"> <\/div>\n<p align=\"justify\" class=\"MsoNormal\"><font size=\"2\"><span style=\"font-family: Arial;\">\u017delja ljudi da promovi\u0161u svoja mesta i muzej Stevana Sremca u Senti<\/span><\/font><\/p>\n<p><\/p>\n<p align=\"justify\" class=\"MsoNormal\"><font size=\"2\"><span style=\"font-family: Arial;\"><o:p><\/o:p><\/span><\/font><\/p>\n<div align=\"justify\"> <\/div>\n<p align=\"justify\" class=\"MsoNormal\"><font size=\"2\"><span style=\"font-family: Arial;\"><strong><img loading=\"lazy\" decoding=\"async\" width=\"150\" height=\"113\" align=\"left\" alt=\"\" src=\"\/UserFiles\/Image\/Avgust2007vesti\/Sanja.jpg\" \/><\/strong><\/span><\/font><\/p>\n<p align=\"justify\" class=\"MsoNormal\"><font size=\"2\"><span style=\"font-family: Arial;\"><\/span><\/font><\/p>\n<p align=\"justify\" class=\"MsoNormal\"><font size=\"2\"><span style=\"font-family: Arial;\"><\/span><\/font><\/p>\n<p align=\"justify\" class=\"MsoNormal\"><font size=\"2\"><span style=\"font-family: Arial;\"><\/span><\/font><\/p>\n<p align=\"justify\" class=\"MsoNormal\"><font size=\"2\"><span style=\"font-family: Arial;\"><\/span><\/font><\/p>\n<p align=\"justify\" class=\"MsoNormal\"><font size=\"2\"><span style=\"font-family: Arial;\"><strong><br \/>\nSanja Nikoli\u0107<\/strong>, III godina, Subotica<o:p><\/o:p><\/span><\/font><\/p>\n<div align=\"justify\"> <font size=\"2\"><span style=\"font-size: 10pt; font-family: Arial;\">Izuzetno siroma\u0161na nauti\u010dka ponuda i neure\u0111ene pla\u017ee<\/span><\/font><\/div>\n<p><strong>Autor:<\/strong> Du\u0161anka Buva\u010d<br \/>\n<strong>Datum:<\/strong> 30, 08, 2007.<\/p>\n","protected":false},"excerpt":{"rendered":"<p>\u0160est studenata Prirodno matemati\u010dkog fakulteta departmana za  turizam, hotelijerstvo i geografiju iz Novog sada plove\u0107i Tisom i obilaze\u0107i mesta uz reku analizirali su stanje i mogu\u0107nosti razvoja nauti\u010dkog turizma u Potisju Srbije.<\/p>\n","protected":false},"author":1,"featured_media":0,"comment_status":"open","ping_status":"open","sticky":false,"template":"","format":"standard","meta":{"footnotes":""},"categories":[1],"tags":[],"class_list":["post-10669","post","type-post","status-publish","format-standard","hentry","category-nekategorizovano"],"_links":{"self":[{"href":"https:\/\/ravnica.info\/arhiva\/index.php?rest_route=\/wp\/v2\/posts\/10669","targetHints":{"allow":["GET"]}}],"collection":[{"href":"https:\/\/ravnica.info\/arhiva\/index.php?rest_route=\/wp\/v2\/posts"}],"about":[{"href":"https:\/\/ravnica.info\/arhiva\/index.php?rest_route=\/wp\/v2\/types\/post"}],"author":[{"embeddable":true,"href":"https:\/\/ravnica.info\/arhiva\/index.php?rest_route=\/wp\/v2\/users\/1"}],"replies":[{"embeddable":true,"href":"https:\/\/ravnica.info\/arhiva\/index.php?rest_route=%2Fwp%2Fv2%2Fcomments&post=10669"}],"version-history":[{"count":0,"href":"https:\/\/ravnica.info\/arhiva\/index.php?rest_route=\/wp\/v2\/posts\/10669\/revisions"}],"wp:attachment":[{"href":"https:\/\/ravnica.info\/arhiva\/index.php?rest_route=%2Fwp%2Fv2%2Fmedia&parent=10669"}],"wp:term":[{"taxonomy":"category","embeddable":true,"href":"https:\/\/ravnica.info\/arhiva\/index.php?rest_route=%2Fwp%2Fv2%2Fcategories&post=10669"},{"taxonomy":"post_tag","embeddable":true,"href":"https:\/\/ravnica.info\/arhiva\/index.php?rest_route=%2Fwp%2Fv2%2Ftags&post=10669"}],"curies":[{"name":"wp","href":"https:\/\/api.w.org\/{rel}","templated":true}]}}