{"id":10666,"date":"2007-08-26T00:00:00","date_gmt":"2007-08-25T22:00:00","guid":{"rendered":"http:\/\/localhost\/ravnica\/2007\/08\/26\/opremljeniji-u-novu-skolsku-godinu\/"},"modified":"2007-08-26T00:00:00","modified_gmt":"2007-08-25T22:00:00","slug":"opremljeniji-u-novu-skolsku-godinu","status":"publish","type":"post","link":"https:\/\/ravnica.info\/arhiva\/?p=10666","title":{"rendered":"Opremljeniji u novu \u0161kolsku godinu"},"content":{"rendered":"<p style=\"text-align: justify;\"><strong>Srednja tehni\u010dka \u0161kola &#8222;Mileva Mari\u0107&#8220; u Titelu, jedna od dve srednje \u0161kole u \u0160ajka\u0161koj, znatno opremljenija do\u010deka\u0107e u\u010denike na po\u010detku nove \u0161kolske godine.<\/strong><\/p>\n<p><!--more--><\/p>\n<p align=\"center\" class=\"MsoNormal\"><font size=\"2\"><span style=\"font-family: Arial;\"><img loading=\"lazy\" decoding=\"async\" width=\"450\" height=\"338\" align=\"middle\" src=\"\/UserFiles\/Image\/Avgust2007vesti\/novi-kompjuteri-i-stampaci.jpg\" alt=\"\" \/><\/span><\/font><\/p>\n<p align=\"justify\" class=\"MsoNormal\"><img loading=\"lazy\" decoding=\"async\" width=\"300\" height=\"225\" align=\"left\" src=\"\/UserFiles\/Image\/Avgust2007vesti\/u-biblioteci.jpg\" alt=\"\" \/><font size=\"2\"><span style=\"font-family: Arial;\">\u00a0\u00a0\u00a0\u00a0\u00a0\u00a0\u00a0 Zna\u010dajno je podignut nivo informacioni tehnologije, informi\u0161e agilni direktor Jadranka Pe\u0161ti. Me\u0111u novim ra\u010dunarima su i laptopovi za kompjutersku dijagnostiku \u0161to \u0107e omogu\u0107iti da se u\u010denici, koji su upisali proizvodna zanimanja na najsavremeniji na\u010din obu\u010davaju u struci, prvenstveno automehani\u010dari. Tako\u0111e sti\u017ee oprema za odeljenje kuvara koje je prvi put, uz konobare upisano pro\u0161le godine. Kabinet za ova zanimanja bi\u0107e opremljen profesionalnom opremom sa odli\u010dnom mini linijom za kuvare, pa \u0107e u\u010denici ovog smera po\u010deti sa konkretnom praksom u \u0161koli i ugostiteljskim objektima.<\/span><\/font><\/p>\n<div align=\"justify\">  <\/div>\n<p align=\"justify\" class=\"MsoNormal\"><font size=\"2\"><span style=\"font-family: Arial;\"><img loading=\"lazy\" decoding=\"async\" width=\"300\" height=\"225\" align=\"right\" src=\"\/UserFiles\/Image\/Avgust2007vesti\/vecina-ucionica-spremna-za-.jpg\" alt=\"\" \/>\u00a0\u00a0\u00a0\u00a0\u00a0\u00a0\u00a0 Uskoro \u0107e u \u0161koli biti otvoren Klub prosvetnih radnika sa Internet kafeom. <o:p><\/o:p><\/span><\/font><\/p>\n<div align=\"justify\"><font size=\"2\">\u00a0\u00a0\u00a0\u00a0\u00a0\u00a0\u00a0\u00a0  <span style=\"font-size: 10pt; font-family: Arial;\">Zahvaljuju\u0107i sredstvima Pokrajinskog sekretarijat za obrazovanje<span style=\"\">\u00a0 <\/span>obnovljen je deo fasade kao i stolarija u prizemlju, uz uobi\u010dajeno kre\u010denje i zakre\u010davanje pred po\u010detak nove \u0161kolske godine. Ina\u010de, prethodnu ocenjujemo<span style=\"\">\u00a0 <\/span>kao jednom od uspe\u0161nijih godina koja je pogotovo bila bogata brojnim aktivnostima u koje je bio uklju\u010den veliki broj u\u010denika zahvaljuju\u0107i izuzetno kreativnim nastavnicima, isti\u010de Jadranka Pe\u0161ti.<\/span><\/font><\/div>\n<p><strong>Autor:<\/strong> Du\u0161anka Buva\u010d<br \/>\n<strong>Datum:<\/strong> 26, 08, 2007.<\/p>\n","protected":false},"excerpt":{"rendered":"<p>Srednja tehni\u010dka \u0161kola &#8222;Mileva Mari\u0107&#8220; u Titelu, jedna od dve srednje \u0161kole u \u0160ajka\u0161koj, znatno opremljenija do\u010deka\u0107e u\u010denike na po\u010detku nove \u0161kolske godine.<\/p>\n","protected":false},"author":1,"featured_media":0,"comment_status":"open","ping_status":"open","sticky":false,"template":"","format":"standard","meta":{"footnotes":""},"categories":[1],"tags":[],"class_list":["post-10666","post","type-post","status-publish","format-standard","hentry","category-nekategorizovano"],"_links":{"self":[{"href":"https:\/\/ravnica.info\/arhiva\/index.php?rest_route=\/wp\/v2\/posts\/10666","targetHints":{"allow":["GET"]}}],"collection":[{"href":"https:\/\/ravnica.info\/arhiva\/index.php?rest_route=\/wp\/v2\/posts"}],"about":[{"href":"https:\/\/ravnica.info\/arhiva\/index.php?rest_route=\/wp\/v2\/types\/post"}],"author":[{"embeddable":true,"href":"https:\/\/ravnica.info\/arhiva\/index.php?rest_route=\/wp\/v2\/users\/1"}],"replies":[{"embeddable":true,"href":"https:\/\/ravnica.info\/arhiva\/index.php?rest_route=%2Fwp%2Fv2%2Fcomments&post=10666"}],"version-history":[{"count":0,"href":"https:\/\/ravnica.info\/arhiva\/index.php?rest_route=\/wp\/v2\/posts\/10666\/revisions"}],"wp:attachment":[{"href":"https:\/\/ravnica.info\/arhiva\/index.php?rest_route=%2Fwp%2Fv2%2Fmedia&parent=10666"}],"wp:term":[{"taxonomy":"category","embeddable":true,"href":"https:\/\/ravnica.info\/arhiva\/index.php?rest_route=%2Fwp%2Fv2%2Fcategories&post=10666"},{"taxonomy":"post_tag","embeddable":true,"href":"https:\/\/ravnica.info\/arhiva\/index.php?rest_route=%2Fwp%2Fv2%2Ftags&post=10666"}],"curies":[{"name":"wp","href":"https:\/\/api.w.org\/{rel}","templated":true}]}}