{"id":10665,"date":"2007-08-26T00:00:00","date_gmt":"2007-08-25T22:00:00","guid":{"rendered":"http:\/\/localhost\/ravnica\/2007\/08\/26\/sve-manje-osnovaca\/"},"modified":"2007-08-26T00:00:00","modified_gmt":"2007-08-25T22:00:00","slug":"sve-manje-osnovaca","status":"publish","type":"post","link":"https:\/\/ravnica.info\/arhiva\/?p=10665","title":{"rendered":"Sve manje osnovaca"},"content":{"rendered":"<p style=\"text-align: justify;\"><strong>U Osnovnoj \u0161koli &#8222;Svetozar Mileti\u0107&#8220; u Titelu sa podru\u010dnim odeljenjima u Loku, Vilovu i Gardinovcima iz godine u godinu smanjuje se broj \u0111aka, a time i broj odeljenja.<\/strong><\/p>\n<p><!--more--><\/p>\n<p align=\"justify\" class=\"MsoNormal\"><font size=\"2\"><span style=\"font-family: Arial;\">\u00a0\u00a0\u00a0\u00a0\u00a0\u00a0\u00a0\u00a0 Po re\u010dima direktora \u0161kole Laze Paro\u0161kog ove godine \u0107e imati 51 odeljenje ili dva odeljenja manje nego pro\u0161le \u0161kolske godine. U prve razrede upisano je samo 70 u\u010denika, u odnosu na 77 u prethodnoj godini &#8211; u Titelu 45 u\u010denika, od toga 27 u donjoj \u0161koli i 18 u gornjoj \u0161koli, Loku 6, Vilovu 8 i Gardinovcima 11 u\u010denika i samo pet odeljenja. Jo\u0161 ove \u0161kolske godine iz \u0161kole \u0107e iza\u0107i 8, a ve\u0107 naredne samo 5 odeljenja. \u0160kola broji 820 u\u010denika, od toga je 36 u\u010denika koji poha\u0111aju nastavu u 5 specjalnih odeljenja gde nije najadekvatnije zastupljen nastavni kadar. Nastavljanjem tendencija smanjenja \u0111aka u dosta te\u0161ku situaciju dovodi se rad \u0161kole, tvrdi Paro\u0161ki.<\/span><\/font><\/p>\n<p align=\"center\" class=\"MsoNormal\"><font size=\"2\"><span style=\"font-family: Arial;\"><img loading=\"lazy\" decoding=\"async\" width=\"450\" height=\"338\" align=\"middle\" src=\"\/UserFiles\/Image\/Avgust2007vesti\/u-kancelariji-direktora.jpg\" alt=\"\" \/><\/span><\/font><\/p>\n<p align=\"justify\" class=\"MsoNormal\"><font size=\"2\"><span style=\"font-family: Arial;\">\u00a0\u00a0\u00a0\u00a0\u00a0\u00a0\u00a0\u00a0 <\/span><\/font><font size=\"2\"><span style=\"font-size: 10pt; font-family: Arial;\">U \u0161koli su zadovoljni ostvarenim uspehom u pro\u0161loj \u0161kolskoj godini i rezultatima koji su u\u010denici ostvarili na takmi\u010denjima. Pripreme za po\u010detak nove \u0161kolske godine su privedene kraju, a 3. septembra \u0161kolsko zvono, u\u010ditelji i nastavnici \u0107e spremno do\u010dekati u\u010denike.<\/span><\/font><\/p>\n<p><strong>Autor:<\/strong> Du\u0161anka Buva\u010d<br \/>\n<strong>Datum:<\/strong> 26, 08, 2007.<\/p>\n","protected":false},"excerpt":{"rendered":"<p>U Osnovnoj \u0161koli &#8222;Svetozar Mileti\u0107&#8220; u Titelu sa podru\u010dnim odeljenjima u Loku, Vilovu i Gardinovcima iz godine u godinu smanjuje se broj \u0111aka, a time i broj odeljenja.<\/p>\n","protected":false},"author":1,"featured_media":0,"comment_status":"open","ping_status":"open","sticky":false,"template":"","format":"standard","meta":{"footnotes":""},"categories":[1],"tags":[],"class_list":["post-10665","post","type-post","status-publish","format-standard","hentry","category-nekategorizovano"],"_links":{"self":[{"href":"https:\/\/ravnica.info\/arhiva\/index.php?rest_route=\/wp\/v2\/posts\/10665","targetHints":{"allow":["GET"]}}],"collection":[{"href":"https:\/\/ravnica.info\/arhiva\/index.php?rest_route=\/wp\/v2\/posts"}],"about":[{"href":"https:\/\/ravnica.info\/arhiva\/index.php?rest_route=\/wp\/v2\/types\/post"}],"author":[{"embeddable":true,"href":"https:\/\/ravnica.info\/arhiva\/index.php?rest_route=\/wp\/v2\/users\/1"}],"replies":[{"embeddable":true,"href":"https:\/\/ravnica.info\/arhiva\/index.php?rest_route=%2Fwp%2Fv2%2Fcomments&post=10665"}],"version-history":[{"count":0,"href":"https:\/\/ravnica.info\/arhiva\/index.php?rest_route=\/wp\/v2\/posts\/10665\/revisions"}],"wp:attachment":[{"href":"https:\/\/ravnica.info\/arhiva\/index.php?rest_route=%2Fwp%2Fv2%2Fmedia&parent=10665"}],"wp:term":[{"taxonomy":"category","embeddable":true,"href":"https:\/\/ravnica.info\/arhiva\/index.php?rest_route=%2Fwp%2Fv2%2Fcategories&post=10665"},{"taxonomy":"post_tag","embeddable":true,"href":"https:\/\/ravnica.info\/arhiva\/index.php?rest_route=%2Fwp%2Fv2%2Ftags&post=10665"}],"curies":[{"name":"wp","href":"https:\/\/api.w.org\/{rel}","templated":true}]}}