{"id":10658,"date":"2007-08-23T00:00:00","date_gmt":"2007-08-22T22:00:00","guid":{"rendered":"http:\/\/localhost\/ravnica\/2007\/08\/23\/asfaltirana-ulica-mihajla-krestica-u-titelu\/"},"modified":"2007-08-23T00:00:00","modified_gmt":"2007-08-22T22:00:00","slug":"asfaltirana-ulica-mihajla-krestica-u-titelu","status":"publish","type":"post","link":"https:\/\/ravnica.info\/arhiva\/?p=10658","title":{"rendered":"Asfaltirana ulica Mihajla Kresti\u0107a u Titelu"},"content":{"rendered":"<p style=\"text-align: justify;\"><strong>Pro\u0161le godina zapo\u010deti radovi na rekonstrukciji pojedinih ulica u Titelu nastavljeni su pre nekoliko dana.<\/strong><\/p>\n<p><!--more--><\/p>\n<div align=\"center\"><font size=\"2\"><span style=\"font-family: Arial;\"><img loading=\"lazy\" decoding=\"async\" width=\"450\" height=\"338\" align=\"middle\" alt=\"\" src=\"\/UserFiles\/Image\/Avgust2007vesti\/zavrsava-se-Dositejeva.jpg\" \/><br \/>\n<\/span><\/font><\/div>\n<p align=\"justify\" class=\"MsoNormal\"><font size=\"2\"><span style=\"font-family: Arial;\">\u00a0\u00a0\u00a0\u00a0\u00a0\u00a0\u00a0 Na po\u010detku Dositejeve ulice ura\u0111eni su pripremni radovi za asfaltiranje ovog dela, dok je ulica Mihajla Kresti\u0107a danas asfaltirana osim du\u017eine od 160 metara, gde su planirani radovi na budu\u0107oj kanalizaciji, a zapo\u010deti su i radovi u ulici Jo\u017eefa Time. Izvo\u0111a\u010di radova i nadzor ukazuju da je najve\u0107i problem izuzetno lo\u0161e postavljeni elektro stubovi, a \u0161to uslo\u017enjava sve radove na komunalnoj infrastrukturi.<\/span><\/font><\/p>\n<p align=\"center\" class=\"MsoNormal\"><font size=\"2\"><span style=\"font-family: Arial;\"><img loading=\"lazy\" decoding=\"async\" width=\"420\" height=\"315\" align=\"middle\" alt=\"\" src=\"\/UserFiles\/Image\/Avgust2007vesti\/poceli-radovi-u-Jozefa-Time.jpg\" \/><br \/>\n<\/span><\/font><\/p>\n<p align=\"justify\" class=\"MsoNormal\"><font size=\"2\"><span style=\"font-family: Arial;\"><o:p><\/o:p><\/span><\/font><\/p>\n<div align=\"justify\">\u00a0\u00a0\u00a0\u00a0\u00a0\u00a0\u00a0\u00a0  <font size=\"2\"><span style=\"font-size: 10pt; font-family: Arial;\">Vrednost ovih radova je 32 miliona dinara, a sredstva su obezbe\u0111ena iz Nacionalnog investicionog plana.<br \/>\n<\/span><\/font><\/p>\n<div align=\"center\"><img loading=\"lazy\" decoding=\"async\" width=\"450\" height=\"338\" align=\"middle\" alt=\"\" src=\"\/UserFiles\/Image\/Avgust2007vesti\/rekonstruisana-Mihajla-Kres.jpg\" \/><\/div>\n<\/div>\n<p><strong>Autor:<\/strong> Du\u0161anka Buva\u010d<br \/>\n<strong>Datum:<\/strong> 23, 08, 2007.<\/p>\n","protected":false},"excerpt":{"rendered":"<p>Pro\u0161le godina zapo\u010deti radovi na rekonstrukciji pojedinih ulica u Titelu nastavljeni su pre nekoliko dana.<\/p>\n","protected":false},"author":1,"featured_media":0,"comment_status":"open","ping_status":"open","sticky":false,"template":"","format":"standard","meta":{"footnotes":""},"categories":[1],"tags":[],"class_list":["post-10658","post","type-post","status-publish","format-standard","hentry","category-nekategorizovano"],"_links":{"self":[{"href":"https:\/\/ravnica.info\/arhiva\/index.php?rest_route=\/wp\/v2\/posts\/10658","targetHints":{"allow":["GET"]}}],"collection":[{"href":"https:\/\/ravnica.info\/arhiva\/index.php?rest_route=\/wp\/v2\/posts"}],"about":[{"href":"https:\/\/ravnica.info\/arhiva\/index.php?rest_route=\/wp\/v2\/types\/post"}],"author":[{"embeddable":true,"href":"https:\/\/ravnica.info\/arhiva\/index.php?rest_route=\/wp\/v2\/users\/1"}],"replies":[{"embeddable":true,"href":"https:\/\/ravnica.info\/arhiva\/index.php?rest_route=%2Fwp%2Fv2%2Fcomments&post=10658"}],"version-history":[{"count":0,"href":"https:\/\/ravnica.info\/arhiva\/index.php?rest_route=\/wp\/v2\/posts\/10658\/revisions"}],"wp:attachment":[{"href":"https:\/\/ravnica.info\/arhiva\/index.php?rest_route=%2Fwp%2Fv2%2Fmedia&parent=10658"}],"wp:term":[{"taxonomy":"category","embeddable":true,"href":"https:\/\/ravnica.info\/arhiva\/index.php?rest_route=%2Fwp%2Fv2%2Fcategories&post=10658"},{"taxonomy":"post_tag","embeddable":true,"href":"https:\/\/ravnica.info\/arhiva\/index.php?rest_route=%2Fwp%2Fv2%2Ftags&post=10658"}],"curies":[{"name":"wp","href":"https:\/\/api.w.org\/{rel}","templated":true}]}}