{"id":10655,"date":"2007-08-22T00:00:00","date_gmt":"2007-08-21T22:00:00","guid":{"rendered":"http:\/\/localhost\/ravnica\/2007\/08\/22\/asfaltirana-krajiska-ulica\/"},"modified":"2007-08-22T00:00:00","modified_gmt":"2007-08-21T22:00:00","slug":"asfaltirana-krajiska-ulica","status":"publish","type":"post","link":"https:\/\/ravnica.info\/arhiva\/?p=10655","title":{"rendered":"Asfaltirana Kraji\u0161ka ulica"},"content":{"rendered":"<p style=\"text-align: justify;\"><strong>Obnavlja se i pro\u0161iruje putna mre\u017ea u \u0160ajka\u0161u<\/strong><\/p>\n<p><!--more--><\/p>\n<div align=\"justify\">  <\/div>\n<div align=\"justify\">  <\/div>\n<div align=\"justify\">  <\/div>\n<p align=\"justify\" class=\"MsoNormal\" style=\"text-align: justify;\"><font size=\"2\"><span style=\"font-size: 10pt; font-family: Arial;\">\u00a0\u00a0\u00a0\u00a0\u00a0\u00a0\u00a0 Postavljanjem gornjeg sloja asfalta i ure\u0111enjem pru\u017enog prelaza, radnici &#8220;Ba\u010dka puta&#8220; iz Novog Sada zavr\u0161ili su rekonstrukciju ju\u017enog dela Ulice bra\u0107e Krklju\u0161 i isto\u010dnog dela \u017delezni\u010dke ulice, koje sada pripadaju regionalnom putu R 122 koji prolazi kroz \u0160ajka\u0161. Rekonstruisana deonica ovih ulica je du\u017eine 1,1 kilometar, a \u0161irine 6,6 metara. Time je \u0160ajka\u0161 dobio jo\u0161 jednu savremenu saobra\u0107ajnicu koja \u0107e biti kompletirana zavr\u0161etkom raskrsnice u sredi\u0161tu sela.<\/span><\/font><\/p>\n<div align=\"center\"><font size=\"2\"><span style=\"font-size: 10pt; font-family: Arial;\"><img loading=\"lazy\" decoding=\"async\" width=\"420\" height=\"315\" align=\"middle\" src=\"\/UserFiles\/Image\/Avgust2007vesti\/asfaltirana-ulica-Sajkas.jpg\" alt=\"\" \/><\/span><\/font><\/div>\n<p align=\"justify\" class=\"MsoNormal\" style=\"text-align: justify;\"><font size=\"2\"><span style=\"font-size: 10pt; font-family: Arial;\">\u00a0<span style=\"\">\u00a0\u00a0\u00a0\u00a0\u00a0\u00a0\u00a0\u00a0\u00a0 <\/span>U okviru ovih radova asfaltiran je i naseljeni deo nove Kraji\u0161ke ulice. Asfaltna traka je du\u017eine 200, a \u0161irine tri metra. To je stanovnicima ove ulice, izbeglima iz Krajine, koji na po\u010detku dvadeset i prvog veka jo\u0161 nemaju ni legalnu struju, donelo veliku radost i olak\u0161anje, \u0161to oni i njihova deca vi\u0161e ne\u0107e morati da gaze blato. Zato su organizovali sve\u010danost na kojoj su ugostili radnike koji su asvaltirali put, predsednika Op\u0161tine Milivoja Petrovi\u0107a i Skup\u0161tine op\u0161tine Titel Milana Nastasi\u0107a, Mirka Drini\u0107a predsednika Saveta Mesne zajednice \u0160ajka\u0161 i, naravno, Branka Joci\u0107a, direktora &#8220;Puteva Srbije&#8220;, \u010doveka bez kojega ni\u0161ta od ovoga lepoga \u0161to im se u utorak dogodilo ne bi bilo. Goste je na terasi ispred svoje nove ku\u0107e doma\u0107inski do\u010dekao i u ime svih stanovnika ulice pozdravio Stojan Baji\u0107:<br \/>\n<span style=\"\">\u00a0\u00a0\u00a0\u00a0\u00a0\u00a0\u00a0\u00a0 <\/span>&#8211; Ne mo\u017eemo vam opisati kolika je danas na\u0161a sre\u0107a. Zato pozdravljam sve predstavnike op\u0161tinske vlasti, predsednika na\u0161e mesne zajednice, a posebno gospodina Branka Joci\u0107a, kome mo\u017eemo zahvaliti \u0161to su na\u0161e \u017eelje postale stvarnost. Jedinstveni nastup, dobri me\u0111uljudski i kom\u0161ijski odnosi, saradnja sa lokalnom i \u0161irom dru\u0161tvenom zajednicom rezultat su ovoga zbog \u010dega smo se ovde okupili. Svakako, velike zasluge za ovo ima i Milko Geli\u0107, koji je me\u0111u prvima razumeo i na pravim mestima isticao na\u0161e probleme. Za me\u0161tane Kraji\u0161ke ulice ova investicija mnogo zna\u010di, a jo\u0161 nam je problem nere\u0161ena elektri\u010dna mre\u017ea, \u0161to u budu\u0107em periodu predstavlja prioritet koji \u0107emo morati re\u0161avati uz pomo\u0107 lokalne vlasti. Bili bismo sre\u0107ni da se i stanovnici ostalih neasfaltiranih ulica u \u0160ajka\u0161u raduju ovakvim radnim pobedama.<span style=\"\"><br \/>\n\u00a0\u00a0\u00a0\u00a0\u00a0\u00a0\u00a0\u00a0\u00a0 <\/span>Presre\u0107ni stanovnici Kraji\u0161ke ulice zaigrali su i kolo na novom asfaltu u koje su se uhvatili i gosti, predstavnici vlasti. Na kraju je i Branko Joci\u0107 poru\u010dio stanovnicima \u0160ajka\u0161a i titelske op\u0161tine:<\/span><\/font><\/p>\n<div align=\"center\"><font size=\"2\"><span style=\"font-size: 10pt; font-family: Arial;\"><img loading=\"lazy\" decoding=\"async\" width=\"420\" height=\"315\" align=\"middle\" src=\"\/UserFiles\/Image\/Avgust2007vesti\/Branko-Jocic.jpg\" alt=\"\" \/><\/span><\/font><\/div>\n<p align=\"justify\" class=\"MsoNormal\" style=\"text-align: justify;\"><font size=\"2\"><span style=\"font-size: 10pt; font-family: Arial;\">\u00a0<\/span><\/font><font size=\"2\"><span style=\"font-size: 10pt; font-family: Arial;\"><span style=\"\">\u00a0\u00a0\u00a0\u00a0\u00a0\u00a0\u00a0\u00a0 <\/span>&#8211; Op\u0161tina Titel zahteva zna\u010dajna ulaganja u infrastrukturu jer po strukturi bud\u017eeta i prihodima nije u mogu\u0107nosti da isfinansira osnovne ljudske potrebe. Zato se mi u &#8220;Putevima Srbije&#8220; trudimo da pomognemo da se prevazi\u0111u problemi koji se odnose na blatnjave ulice, nekategorisane puteve pa stoga u \u0160ajka\u0161u \u017eelimo da nakon zavr\u0161etka puta prema Mo\u0161orinu, koji \u0107emo finansirati iz kredita Evropske unije, takozvanog CEB-a, za elementarne nepogode, zavr\u0161imo jo\u0161 neke lokalne ulice. To \u0107e najverovatnije biti u drugom delu godine kada budemo zavr\u0161avali put \u0160ajka\u0161 \u2013 Mo\u0161orin. Ovaj put nam je prioritet, jer ne bi bilo dobro da zimu do\u010deka u ovakvom stanju. I radovi na raskrsnici puteva u sredi\u0161tu \u0160ajka\u0161a trebali bi, ako vremenski i drugi uslovi dozvole, da budu gotovi do kraja godine. Svi ovi radovi omogu\u0107i\u0107e i bolju komunikaciju mesta titelske op\u0161tine sa velikim centrima, \u0161to \u0107e pokrenuti i br\u017ei ekonomski razvoj i investicije u ovoj sredini.<\/span><\/font><\/p>\n<p><strong>Autor:<\/strong> Nikola D. Turajli\u0107<br \/>\n<strong>Datum:<\/strong> 22, 08, 2007.<\/p>\n","protected":false},"excerpt":{"rendered":"<p>Obnavlja se i pro\u0161iruje putna mre\u017ea u \u0160ajka\u0161u<\/p>\n","protected":false},"author":1,"featured_media":0,"comment_status":"open","ping_status":"open","sticky":false,"template":"","format":"standard","meta":{"footnotes":""},"categories":[1],"tags":[],"class_list":["post-10655","post","type-post","status-publish","format-standard","hentry","category-nekategorizovano"],"_links":{"self":[{"href":"https:\/\/ravnica.info\/arhiva\/index.php?rest_route=\/wp\/v2\/posts\/10655","targetHints":{"allow":["GET"]}}],"collection":[{"href":"https:\/\/ravnica.info\/arhiva\/index.php?rest_route=\/wp\/v2\/posts"}],"about":[{"href":"https:\/\/ravnica.info\/arhiva\/index.php?rest_route=\/wp\/v2\/types\/post"}],"author":[{"embeddable":true,"href":"https:\/\/ravnica.info\/arhiva\/index.php?rest_route=\/wp\/v2\/users\/1"}],"replies":[{"embeddable":true,"href":"https:\/\/ravnica.info\/arhiva\/index.php?rest_route=%2Fwp%2Fv2%2Fcomments&post=10655"}],"version-history":[{"count":0,"href":"https:\/\/ravnica.info\/arhiva\/index.php?rest_route=\/wp\/v2\/posts\/10655\/revisions"}],"wp:attachment":[{"href":"https:\/\/ravnica.info\/arhiva\/index.php?rest_route=%2Fwp%2Fv2%2Fmedia&parent=10655"}],"wp:term":[{"taxonomy":"category","embeddable":true,"href":"https:\/\/ravnica.info\/arhiva\/index.php?rest_route=%2Fwp%2Fv2%2Fcategories&post=10655"},{"taxonomy":"post_tag","embeddable":true,"href":"https:\/\/ravnica.info\/arhiva\/index.php?rest_route=%2Fwp%2Fv2%2Ftags&post=10655"}],"curies":[{"name":"wp","href":"https:\/\/api.w.org\/{rel}","templated":true}]}}