{"id":10653,"date":"2007-08-22T00:00:00","date_gmt":"2007-08-21T22:00:00","guid":{"rendered":"http:\/\/localhost\/ravnica\/2007\/08\/22\/memorijalna-fudbalska-utakmica-u-sajkasu\/"},"modified":"2007-08-22T00:00:00","modified_gmt":"2007-08-21T22:00:00","slug":"memorijalna-fudbalska-utakmica-u-sajkasu","status":"publish","type":"post","link":"https:\/\/ravnica.info\/arhiva\/?p=10653","title":{"rendered":"Memorijalna fudbalska utakmica u \u0160ajka\u0161u"},"content":{"rendered":"<p style=\"text-align: justify;\"><strong>Tragedija koja se ne zaboravlja<\/strong><\/p>\n<p><!--more--><\/p>\n<p align=\"justify\" class=\"MsoNormal\" style=\"text-align: justify;\"><font size=\"2\"><span style=\"font-size: 10pt; font-family: Arial;\">\u00a0\u00a0\u00a0\u00a0\u00a0\u00a0\u00a0 Ovih se dana navr\u0161ava dvadeset osam godina od te\u0161ke saobra\u0107ajne nesre\u0107e u kojoj su, u autobusu na autoputu kod Popova\u010de u Hrvatskoj, vra\u0107aju\u0107i se sa turnira koji su organizovali na\u0161i radnici u Be\u010du, stradali fudbaleri i simpatizeri Borca iz \u0160ajka\u0161a. \u017divot su tada izgubili: Branislav Pavkov, \u0110or\u0111e Vla\u0161kalija i Du\u0161an Marjanov (fudbaleri), Rade \u0110uri\u0107 i Branko Nikoli\u0107 (navija\u010di) i devetogodi\u0161nji Slobodan Makivi\u0107, koga su roditelji poslali kod babe i dede u \u0160ajka\u0161. U znak se\u0107anja na ovu tragediju, Fudbalski klub Borac organizuje tradicionalnu memorijalnu utakmicu sa prijateljskim klubom Novi Sad.<\/span><\/font><\/p>\n<div align=\"center\"><img loading=\"lazy\" decoding=\"async\" width=\"420\" height=\"315\" align=\"middle\" alt=\"\" src=\"\/UserFiles\/Image\/Avgust2007vesti\/na-groblju.jpg\" \/><\/div>\n<p align=\"justify\" class=\"MsoNormal\" style=\"text-align: justify;\"><font size=\"2\"><span style=\"font-size: 10pt; font-family: Arial;\"><o:p><\/o:p><\/span><\/font><\/p>\n<div align=\"justify\">  <\/div>\n<p align=\"justify\" class=\"MsoNormal\" style=\"text-align: justify;\"><font size=\"2\"><span style=\"font-size: 10pt; font-family: Arial;\"><span style=\"\">\u00a0\u00a0\u00a0\u00a0\u00a0\u00a0\u00a0\u00a0\u00a0 <\/span>Pre po\u010detka utakmice, fudbaleri Borca polo\u017eili su cve\u0107e na grobove poginulih fudbalera i simpatizera ovog kluba, dok su fudbaleri Novog Sada polo\u017eili cve\u0107e na spomen plo\u010du stradalima, koja se nalazi na upravnoj zgradi Borca.<\/span><\/font><\/p>\n<div align=\"center\"><img loading=\"lazy\" decoding=\"async\" width=\"420\" height=\"173\" align=\"middle\" alt=\"\" src=\"\/UserFiles\/Image\/Avgust2007vesti\/memorijalna-utakmica.jpg\" \/><\/div>\n<p align=\"justify\" class=\"MsoNormal\" style=\"text-align: justify;\"><font size=\"2\"><span style=\"font-size: 10pt; font-family: Arial;\"> <o:p><\/o:p><\/span><\/font><\/p>\n<div align=\"justify\">  <font size=\"2\"><span style=\"font-size: 10pt; font-family: Arial;\"><span style=\"\">\u00a0\u00a0\u00a0\u00a0\u00a0\u00a0\u00a0\u00a0\u00a0 <\/span>Utakmica izme\u0111u Borca i Novog Sada zapo\u010dela je minutom \u0107utanja. Bio je to susret starih prijatelja, u kome je rezultat bio u drugom planu. Ipak je Novi Sad dominirao \u010ditavim tokom susreta, postigav\u0161i u svakom poluvremenu po dva pogotka, dok niko od fudbalera Borca nije uspeo da zatrese protivni\u010dku mre\u017eu. Dakle, Borac \u2013 Novi Sad 0:4 (0:2).<\/span><\/font><\/div>\n<p><strong>Autor:<\/strong> Nikola D. Turajli\u0107<br \/>\n<strong>Datum:<\/strong> 22, 08, 2007.<\/p>\n","protected":false},"excerpt":{"rendered":"<p>Tragedija koja se ne zaboravlja<\/p>\n","protected":false},"author":1,"featured_media":0,"comment_status":"open","ping_status":"open","sticky":false,"template":"","format":"standard","meta":{"footnotes":""},"categories":[1],"tags":[],"class_list":["post-10653","post","type-post","status-publish","format-standard","hentry","category-nekategorizovano"],"_links":{"self":[{"href":"https:\/\/ravnica.info\/arhiva\/index.php?rest_route=\/wp\/v2\/posts\/10653","targetHints":{"allow":["GET"]}}],"collection":[{"href":"https:\/\/ravnica.info\/arhiva\/index.php?rest_route=\/wp\/v2\/posts"}],"about":[{"href":"https:\/\/ravnica.info\/arhiva\/index.php?rest_route=\/wp\/v2\/types\/post"}],"author":[{"embeddable":true,"href":"https:\/\/ravnica.info\/arhiva\/index.php?rest_route=\/wp\/v2\/users\/1"}],"replies":[{"embeddable":true,"href":"https:\/\/ravnica.info\/arhiva\/index.php?rest_route=%2Fwp%2Fv2%2Fcomments&post=10653"}],"version-history":[{"count":0,"href":"https:\/\/ravnica.info\/arhiva\/index.php?rest_route=\/wp\/v2\/posts\/10653\/revisions"}],"wp:attachment":[{"href":"https:\/\/ravnica.info\/arhiva\/index.php?rest_route=%2Fwp%2Fv2%2Fmedia&parent=10653"}],"wp:term":[{"taxonomy":"category","embeddable":true,"href":"https:\/\/ravnica.info\/arhiva\/index.php?rest_route=%2Fwp%2Fv2%2Fcategories&post=10653"},{"taxonomy":"post_tag","embeddable":true,"href":"https:\/\/ravnica.info\/arhiva\/index.php?rest_route=%2Fwp%2Fv2%2Ftags&post=10653"}],"curies":[{"name":"wp","href":"https:\/\/api.w.org\/{rel}","templated":true}]}}