{"id":10646,"date":"2007-08-20T00:00:00","date_gmt":"2007-08-19T22:00:00","guid":{"rendered":"http:\/\/localhost\/ravnica\/2007\/08\/20\/velikogospojinske-svecanosti-2007\/"},"modified":"2007-08-20T00:00:00","modified_gmt":"2007-08-19T22:00:00","slug":"velikogospojinske-svecanosti-2007","status":"publish","type":"post","link":"https:\/\/ravnica.info\/arhiva\/?p=10646","title":{"rendered":"Velikogospojinske sve\u010danosti 2007."},"content":{"rendered":"<p style=\"text-align: justify;\"><strong>Tradicionalna manifestacija Velikogospojinske sve\u010danosti ove godine \u0107e se odr\u017eati u periodu od 21. do 28. avgusta<\/strong><\/p>\n<p><!--more--><\/p>\n<div align=\"justify\">\n<div align=\"justify\"> <\/div>\n<div>\n<div align=\"justify\"> <\/div>\n<div align=\"center\">\n<div align=\"justify\"><font size=\"2\"><span style=\"font-size: 10pt; font-family: Arial;\">pod pokroviteljstvom MZ Titel i <a href=\"http:\/\/www.opstina-titel.org.yu\/\">Op\u0161tine Titel<\/a>, a u organizaciji <a href=\"http:\/\/www.bibliotekastojantrumic.org.yu\/\">Narodne biblioteke \u201eStojan Trumi\u0107\u201c<\/a> iz Titela.<br \/>\n\u00a0\u00a0\u00a0\u00a0\u00a0\u00a0\u00a0 Tokom ovih nekoliko dana bi\u0107e odr\u017eano niz de\u0161avanja kako na otvorenoj sceni na Paradnom trgu tako i na bini na obali Tise. Prvoga dana \u0107e biti dodeljene nagrade u\u010desnicima konkursa \u201eBiramo najlep\u0161u ba\u0161tu &#8211; balkon, prikazivanje filma <\/span><\/font><font size=\"2\"><span style=\"font-size: 10pt; font-family: Arial;\">\u201e<\/span><\/font><font size=\"2\"><span style=\"font-size: 10pt; font-family: Arial;\">Titelski breg &#8211; flora i fauna\u201c, zatim sledi de\u010dije ve\u010de kada \u0107e najmla\u0111i u\u017eivati u lutkarsko-baletskoj predstavi \u201eAska i vuk\u201c, sledi ve\u010de filma, <span style=\"\">\u00a0<\/span>promocija filmova sa festivala \u201eFilmski front\u201c , zatim dolazi ve\u010de folklora, 25-tog sa programom se po\u010dinje od ranih jutarnjih sati poribljavanjem Tise ribljom mla\u0111i, takmi\u010denjem u kuvanju riblje \u010dorbe, rok festivalom na obali Tise i<span style=\"\"> <\/span>koncertom tambura\u0161kog ansambla \u201eZorule\u201c iz Novog Sada. U nedelju 26. ima\u0107emo priliku da premijerno \u010dujemo Liturgiju SV. Jovana Zlatoustog u izvo\u0111enju Peva\u010dkog dru\u0161tva \u201ePrepodobni Rafailo Banatski&#8220; iz Zrenjanina. Naredne ve\u010deri goste i doma\u0107ine na Paradnom trgu \u0107e zabavljati tambura\u0161ki orkestar \u201eAcoustica lirica\u201c, a na sam dan Slave nastupaju Amatersko kulturno-umetni\u010dka dru\u0161tva sa teritorije Op\u0161tine Titel. U sklopu ove manifestacije bi\u0107e prire\u0111ena prodajna izlo\u017eba knjiga izdava\u010da iz Novog Sada i Beograda kao i izlo\u017eba likovnih i fotografskih radova.<\/p>\n<p><\/span><\/font> <\/div>\n<p><img loading=\"lazy\" decoding=\"async\" width=\"300\" height=\"448\" align=\"middle\" alt=\"\" src=\"\/UserFiles\/Image\/Avgust2007vesti\/plakat-gospojina.jpg\" \/>\n<\/div>\n<\/div>\n<ul type=\"disc\" style=\"margin-top: 0cm;\">\n<li class=\"MsoNormal\" style=\"\">\n<div>21. 08. U<font size=\"2\"><span style=\"font-size: 10pt; font-family: Arial;\">TORAK, Paradni trg, 21.00 \u010das, Video prezentacija fotografija sa konkursa \u201eBiramo najlep\u0161u ba\u0161tu-balkon\u201c i dodela nagrada<\/span><\/font><\/div>\n<div>  <\/div>\n<p>    <font size=\"2\"><span style=\"font-size: 10pt; font-family: Arial;\"><o:p><\/o:p><\/span><\/font><\/li>\n<li class=\"MsoNormal\" style=\"\"><font size=\"2\"><span style=\"font-size: 10pt; font-family: Arial;\">22. 08. SREDA, Paradni trg, 20.30      \u010dasova, Lutkarsko-baletska predstava za decu i odrasle \u201eAska i vuk\u201c u izvo\u0111enju      \u010dlanova baletske<\/span><\/font>\n<div>  <\/div>\n<p>    <font size=\"2\"><span style=\"font-size: 10pt; font-family: Arial;\"> trupe \u201eArs-longa\u201c<o:p><\/o:p><\/span><\/font><\/li>\n<li class=\"MsoNormal\" style=\"\"><font size=\"2\"><span style=\"font-size: 10pt; font-family: Arial;\">23. 08. \u010cETVRTAK, Paradni trg,      21.00 \u010das, Promocija festivala \u201eFilmski front\u201cNovi Sad, projekcija dokumetarnih      filmova sa ovog festivala<o:p><\/o:p><\/span><\/font><\/li>\n<li class=\"MsoNormal\" style=\"\"><font size=\"2\"><span style=\"font-size: 10pt; font-family: Arial;\">24. 08. PETAK, Paradni trg, 21.00      \u010das, Celove\u010dernji koncert AKUD-a \u201eJovan Popovi\u0107\u201c iz Titela<o:p><\/o:p><\/span><\/font><\/li>\n<li class=\"MsoNormal\" style=\"\"><font size=\"2\"><span style=\"font-size: 10pt; font-family: Arial;\">25. 08. SUBOTA, Paradni trg,      21.00 \u010das, Koncert Dru\u0161tva ljubitelja tambure ansambl \u201eZorule\u201c iz Novog Sada<o:p><\/o:p><\/span><\/font><\/li>\n<li class=\"MsoNormal\" style=\"\"><font size=\"2\"><span style=\"font-size: 10pt; font-family: Arial;\">26. 08. NEDELJA, Plava sala suda,      20.00 \u010dasova, Peva\u010dko dru\u0161tvo \u201cPrepodobni Rafailo Banatski\u201c iz Zrenjanina &#8211;      premijera Liturgije Sv. Jovana Zlatoustog autora Episkopa Ilariona (Alfeev)<o:p><\/o:p><\/span><\/font><\/li>\n<li class=\"MsoNormal\" style=\"\"><font size=\"2\"><span style=\"font-size: 10pt; font-family: Arial;\">27. 08. PONEDELJAK, 21.00 \u010das, Paradni      trg, Celove\u010dernji koncert tambura\u0161kog orkestra \u201eAcoustica lirica\u201c, od d\u017eeza      preko klasike do tradicionalne tambura\u0161ke muzike<o:p><\/o:p><\/span><\/font><\/li>\n<li class=\"MsoNormal\" style=\"\"><font size=\"2\"><span style=\"font-size: 10pt; font-family: Arial;\">28. 08. UTORAK, Paradni trg,      20.30 \u010dasova, umetni\u010dko ve\u010de, nastupaju amatersko kulturno umetni\u010dka dru\u0161tva      sa teritorije Op\u0161tine Titel.<o:p><\/o:p><\/span><\/font><\/li>\n<li class=\"MsoNormal\" style=\"\"><font size=\"2\"><span style=\"font-size: 10pt; font-family: Arial;\">24. &#8211; 28. 08. Paradni trg, Prodajna      izlo\u017eba knjiga izdava\u010dkih ku\u0107a iz Novog Sada i Beograda.<o:p><\/o:p><\/span><\/font><\/li>\n<li class=\"MsoNormal\" style=\"\"><font size=\"2\"><span style=\"font-size: 10pt; font-family: Arial;\">25. &#8211; 28. 08. 19.00 sve\u010dano otvaranje      izlo\u017ebe, Hol ST\u0160 \u201cMileva Mari\u0107\u201c. Izlo\u017eba likovnih i fotografskih radova<\/span><\/font><\/li>\n<\/ul>\n<div>  <\/div>\n<\/div>\n<p><strong>Autor:<\/strong> Narodna biblioteka &#8222;Stojan Trumi\u0107&#038;quot<br \/>\n<strong>Datum:<\/strong> 20, 08, 2007.<\/p>\n","protected":false},"excerpt":{"rendered":"<p>Tradicionalna manifestacija Velikogospojinske sve\u010danosti ove godine \u0107e se odr\u017eati u periodu od 21. do 28. avgusta<\/p>\n","protected":false},"author":1,"featured_media":0,"comment_status":"open","ping_status":"open","sticky":false,"template":"","format":"standard","meta":{"footnotes":""},"categories":[1],"tags":[],"class_list":["post-10646","post","type-post","status-publish","format-standard","hentry","category-nekategorizovano"],"_links":{"self":[{"href":"https:\/\/ravnica.info\/arhiva\/index.php?rest_route=\/wp\/v2\/posts\/10646","targetHints":{"allow":["GET"]}}],"collection":[{"href":"https:\/\/ravnica.info\/arhiva\/index.php?rest_route=\/wp\/v2\/posts"}],"about":[{"href":"https:\/\/ravnica.info\/arhiva\/index.php?rest_route=\/wp\/v2\/types\/post"}],"author":[{"embeddable":true,"href":"https:\/\/ravnica.info\/arhiva\/index.php?rest_route=\/wp\/v2\/users\/1"}],"replies":[{"embeddable":true,"href":"https:\/\/ravnica.info\/arhiva\/index.php?rest_route=%2Fwp%2Fv2%2Fcomments&post=10646"}],"version-history":[{"count":0,"href":"https:\/\/ravnica.info\/arhiva\/index.php?rest_route=\/wp\/v2\/posts\/10646\/revisions"}],"wp:attachment":[{"href":"https:\/\/ravnica.info\/arhiva\/index.php?rest_route=%2Fwp%2Fv2%2Fmedia&parent=10646"}],"wp:term":[{"taxonomy":"category","embeddable":true,"href":"https:\/\/ravnica.info\/arhiva\/index.php?rest_route=%2Fwp%2Fv2%2Fcategories&post=10646"},{"taxonomy":"post_tag","embeddable":true,"href":"https:\/\/ravnica.info\/arhiva\/index.php?rest_route=%2Fwp%2Fv2%2Ftags&post=10646"}],"curies":[{"name":"wp","href":"https:\/\/api.w.org\/{rel}","templated":true}]}}