{"id":10642,"date":"2007-08-12T00:00:00","date_gmt":"2007-08-11T22:00:00","guid":{"rendered":"http:\/\/localhost\/ravnica\/2007\/08\/12\/suncokretu-u-cast-perlezanima-na-veselje\/"},"modified":"2007-08-12T00:00:00","modified_gmt":"2007-08-11T22:00:00","slug":"suncokretu-u-cast-perlezanima-na-veselje","status":"publish","type":"post","link":"https:\/\/ravnica.info\/arhiva\/?p=10642","title":{"rendered":"Suncokretu u \u010dast, Perle\u017eanima na veselje"},"content":{"rendered":"<p style=\"text-align: justify;\"><strong>Odr\u017eana druga &#8222;Suncokretijada&#8220; u Perlezu<\/strong><\/p>\n<p><!--more--><\/p>\n<div align=\"justify\">  <\/div>\n<div align=\"justify\">  <\/div>\n<div align=\"justify\">  <\/div>\n<div align=\"center\"><font size=\"2\"><span style=\"font-size: 10pt; font-family: Arial;\"><img loading=\"lazy\" decoding=\"async\" width=\"420\" height=\"315\" align=\"middle\" alt=\"\" src=\"\/UserFiles\/Image\/Avgust2007vesti\/Suncokretijada3.jpg\" \/><\/span><\/font><\/div>\n<p align=\"justify\" style=\"text-align: justify;\" class=\"MsoNormal\"><font size=\"2\"><span style=\"font-size: 10pt; font-family: Arial;\">\u00a0\u00a0\u00a0\u00a0\u00a0\u00a0\u00a0 Ekolo\u0161ko dru\u0161tvo &#8220;Carska bara&#8220; iz Perleza u saradnji sa Mesnom zajednicom organizovali su u ovom lepom banatskom naselju pored Begeja drugu po redu &#8220;Suncokretijadu&#8220;, manifestaciju posve\u0107enu suncokretu, jednoj od najva\u017enijih industrijskih biljaka ovog kraja. Cilj ove privredne, turisti\u010dke i kulturne manifestacije bio je da se na prihvatljiv na\u010din afirmi\u0161e poljoprivreda, pogotovo uzgoj suncokreta, Perlez i kulturne vrednosti ovog regiona. Pokrovitelj ovogodi\u0161nje manifestacije je Pokrajinski sekretarijat za poljoprivredu a generalni sponzor bio je &#8220;Vital&#8220; iz Vrbasa. Zahvaljuju\u0107i Nau\u010dnom institutu za ratarstvo i povrtarstvo iz Novog Sada, institutima iz Zrenjanina i Zemuna, odr\u017ean je i nau\u010dni skup na kome su stru\u010dnjaci za poljoprivredu govorili o unapre\u0111enju poljoprivredne proizvodnje i zna\u010daju uzgoja ove industrijske biljke kao i drugih uljarica.<br \/>\n\u00a0<span style=\"\">\u00a0\u00a0\u00a0\u00a0\u00a0\u00a0\u00a0\u00a0\u00a0 <\/span>Ovogodi\u0161nja manifestacija je imala niz sadr\u017eaja. Za najve\u0107u glavu suncokreta stru\u010dni \u017eiri je na osnovu veli\u010dine i kvaliteta semena prvim proglasio proizvod Milana \u010cenejca, poljoprivrednika iz \u010cente. Na jesen \u0107e biti progla\u0161en rekorder u prinosima suncokreta po hektaru. \u017dene iz Perleza i okolnih naselja takmi\u010dile su se u spremanju slatkih i slanih kola\u010da i torti od suncokreta. Najbolju tortu po izgledu i ukusu \u017eirija napravile su \u010dlanice Aktiva \u017eena iz Staji\u0107eva. Najlep\u0161u haljinu na manifestaciji nosila je Mirjana Grbi\u0107 iz Perleza, dok je za najlep\u0161u devojku &#8220;Suncokretijade&#8220; progla\u0161ena Lucija Stani\u0107 iz E\u010dke.<\/span><\/font><\/p>\n<div align=\"center\"><font size=\"2\"><span style=\"font-size: 10pt; font-family: Arial;\"><img loading=\"lazy\" decoding=\"async\" width=\"420\" height=\"315\" align=\"middle\" alt=\"\" src=\"\/UserFiles\/Image\/Avgust2007vesti\/Suncokretijada-2.jpg\" \/><\/span><\/font><\/p>\n<div align=\"center\"><font size=\"2\"><span style=\"font-size: 10pt; font-family: Arial;\"><\/span><\/font><\/div>\n<\/div>\n<p align=\"justify\" style=\"text-align: justify;\" class=\"MsoNormal\"><font size=\"2\"><span style=\"font-size: 10pt; font-family: Arial;\">\u00a0<span style=\"\">\u00a0\u00a0\u00a0\u00a0\u00a0\u00a0\u00a0\u00a0\u00a0 <\/span>U zabavnom delu manifestacije u\u010destvovale su dve postave folklora Kulturno-umetni\u010dkog dru\u0161tva &#8220;\u0160ajka\u0161&#8220;, koje priprema koreograf Vuk Vu\u010dini\u0107 a prati orkestar Vlade Stevanovi\u0107a. Oni su svojom uigrano\u0161\u0107u i koreografijama odu\u0161evili prisutne iako su osnovani pre samo godinu i po dana. Miodrag-Mi\u0161a Blizanac, vokalni solista Radio televizije Vojvodine, Rada Krspoga\u010din iz Zrenjanina i Gli\u0161a Petrov iz Titela natpevavali su se be\u0107arcima sve dok program nije prekinula ki\u0161a. Tada se pre\u0161lo u salu Doma kulture koja je bila bez ozvu\u010denja pa je i program izgubio na kvalitetu. \u0160teta \u0161to se nije dobro \u010dula gluma Gojka Todorovi\u0107a i Jovanke Bekvalac iz Dru\u0161tva &#8220;\u0160ajka\u0161ka&#8220; koji su izveli dva ske\u010da kao i Nebeska liturgija u izvo\u0111enju guslara Vuka Vu\u010dini\u0107a.<\/span><\/font>\n<\/p>\n<div align=\"center\"><font size=\"2\"><span style=\"font-size: 10pt; font-family: Arial;\"><img loading=\"lazy\" decoding=\"async\" width=\"420\" height=\"315\" align=\"middle\" alt=\"\" src=\"\/UserFiles\/Image\/Avgust2007vesti\/Suncokretijada-1.jpg\" \/><\/span><\/font><\/div>\n<p align=\"justify\" style=\"text-align: justify;\" class=\"MsoNormal\"><font size=\"2\"><span style=\"font-size: 10pt; font-family: Arial;\"> <span style=\"\">\u00a0\u00a0\u00a0\u00a0\u00a0\u00a0\u00a0\u00a0 <\/span>-Cilj ove manifestacije je da kroz dru\u017eenje afirmi\u0161emo privredne mogu\u0107nosti i kulturno-istorijske vrednosti Perleza i okoline. Imali smo u\u010desnike i goste iz svih naselja na\u0161e regije. Ovo je trebala da bude manifestacija svih Perle\u017eana ali, na \u017ealost, nije ispalo tako. Jedna grupa ljudi to nije tako prihvatila. Nadamo se da \u0107e dogodine biti mnogo bolje \u2013 istakla je predsednica Organizacionog odbora Branka Nini\u0107 Ra\u0161eta.<span style=\"\"><br \/>\n<\/span><\/span><\/font><font size=\"2\"><span style=\"font-size: 10pt; font-family: Arial;\"><span style=\"\">\u00a0\u00a0\u00a0\u00a0\u00a0\u00a0\u00a0\u00a0\u00a0 <\/span>\u0160teta je \u0161to Kulturno-umetni\u010dko dru\u0161tvo iz Perleza nije u\u010destvovalo na ovogodi\u0161njoj &#8220;Suncokretijadi&#8220;. Perle\u017eani kao da su zaboravili da su stari Grci pre vi\u0161e od dve hiljade godina prekidali ratove da bi u\u010destvovali na Olimpijadama.<\/span><\/font><\/p>\n<p><strong>Autor:<\/strong> Nikola D. Turajli\u0107<br \/>\n<strong>Datum:<\/strong> 12, 08, 2007.<\/p>\n","protected":false},"excerpt":{"rendered":"<p>Odr\u017eana druga &#8222;Suncokretijada&#8220; u Perlezu<\/p>\n","protected":false},"author":1,"featured_media":0,"comment_status":"open","ping_status":"open","sticky":false,"template":"","format":"standard","meta":{"footnotes":""},"categories":[1],"tags":[],"class_list":["post-10642","post","type-post","status-publish","format-standard","hentry","category-nekategorizovano"],"_links":{"self":[{"href":"https:\/\/ravnica.info\/arhiva\/index.php?rest_route=\/wp\/v2\/posts\/10642","targetHints":{"allow":["GET"]}}],"collection":[{"href":"https:\/\/ravnica.info\/arhiva\/index.php?rest_route=\/wp\/v2\/posts"}],"about":[{"href":"https:\/\/ravnica.info\/arhiva\/index.php?rest_route=\/wp\/v2\/types\/post"}],"author":[{"embeddable":true,"href":"https:\/\/ravnica.info\/arhiva\/index.php?rest_route=\/wp\/v2\/users\/1"}],"replies":[{"embeddable":true,"href":"https:\/\/ravnica.info\/arhiva\/index.php?rest_route=%2Fwp%2Fv2%2Fcomments&post=10642"}],"version-history":[{"count":0,"href":"https:\/\/ravnica.info\/arhiva\/index.php?rest_route=\/wp\/v2\/posts\/10642\/revisions"}],"wp:attachment":[{"href":"https:\/\/ravnica.info\/arhiva\/index.php?rest_route=%2Fwp%2Fv2%2Fmedia&parent=10642"}],"wp:term":[{"taxonomy":"category","embeddable":true,"href":"https:\/\/ravnica.info\/arhiva\/index.php?rest_route=%2Fwp%2Fv2%2Fcategories&post=10642"},{"taxonomy":"post_tag","embeddable":true,"href":"https:\/\/ravnica.info\/arhiva\/index.php?rest_route=%2Fwp%2Fv2%2Ftags&post=10642"}],"curies":[{"name":"wp","href":"https:\/\/api.w.org\/{rel}","templated":true}]}}