{"id":10640,"date":"2007-08-12T00:00:00","date_gmt":"2007-08-11T22:00:00","guid":{"rendered":"http:\/\/localhost\/ravnica\/2007\/08\/12\/volite-se-i-pravite-decu-ili-ima-da-nas-nema\/"},"modified":"2007-08-12T00:00:00","modified_gmt":"2007-08-11T22:00:00","slug":"volite-se-i-pravite-decu-ili-ima-da-nas-nema","status":"publish","type":"post","link":"https:\/\/ravnica.info\/arhiva\/?p=10640","title":{"rendered":"Volite se i pravite decu ili ima da nas nema"},"content":{"rendered":"<p style=\"text-align: justify;\"><strong>Gojko Todorovi\u0107 poru\u010duje svome narodu<\/strong><\/p>\n<p><!--more--><\/p>\n<div align=\"justify\">  <\/div>\n<p align=\"justify\" style=\"text-align: justify;\" class=\"MsoNormal\"><font size=\"2\"><span style=\"font-size: 10pt; font-family: Arial;\"><img loading=\"lazy\" decoding=\"async\" width=\"250\" height=\"333\" align=\"left\" alt=\"\" src=\"\/UserFiles\/Image\/Avgust2007vesti\/Todorovic.jpg\" \/><\/span><\/font><font size=\"2\"><span style=\"font-size: 10pt; font-family: Arial;\"> \u00a0 \u00a0 \u00a0 \u00a0 Zahvaljuju\u0107i novoformiranom Aktivu \u017eena koji deluje pri Kulturno-umetni\u010dkom dru\u0161tvu &#8220;\u0160ajka\u0161&#8220;, \u0160ajka\u0161ani su proteklog petka prisustvovali jo\u0161 jednom kulturnom doga\u0111aju u svom mestu. Bilo je to veoma uspelo ve\u010de knji\u017eevnika i glumca Gojka Todorovi\u0107a. U programu koji je umetnik sam osmislio u\u010destvovala je de\u010dja folklorna grupa KUD-a &#8220;\u0160ajka\u0161&#8220;, \u017eenska pjeva\u010dka grupa KUD-a &#8220;Nadalj&#8220;, a u glumi Gojku je pripomagala Jovanka Bekvalac iz Nadalja. Bila je to retrospektiva Gojkovog stvarala\u0161tva, gde se predstavio kao pesnik, pripoveda\u010d, glumac i \u0161oumen. Uz brojne \u0160ajka\u0161ane bio je i predsednik Saveta Mesne zajednice Mirko Drini\u0107, a programu su prisustvovali i gosti iz Kovilja, Mo\u0161orina, Nadalja i jo\u0161 nekih mesta \u0160ajka\u0161ke. Videv\u0161i punu salu i brojnu decu u narodnim no\u0161njama, Gojko se ve\u0107 na samom po\u010detku obratio prisutnima: &#8220;Ima nade za \u0160ajka\u0161 \u010dim su se i mladi i stari okrenuli kulturi!&#8220;<br \/>\n\u00a0<span style=\"\">\u00a0\u00a0\u00a0\u00a0\u00a0\u00a0\u00a0\u00a0\u00a0 <\/span>Gojko Todorovi\u0107 \u017eivi i stvara u \u0160ajka\u0161u, a svoje monodrame, pesme i dijaloge pripoveda \u0161irom Vojvodine. Zovu ga \u0161ajka\u0161kim<span style=\"\"> <\/span>Bosancem iako je, ka\u017ee, Bosanac samo dvanaest posto jer su ga u Vojvodinu doveli sa dvanaest kila, a sada ima stotinu. Pomalo je Bosanac, Bana\u0107anin, Ba\u010dvan, po \u017eeni Srbijanac, a i Sremac kad zagusti. U knjizi &#8220;Evo mene&#8220; objavio je dve monodrame &#8220;Kad ja umrem bolje da me nema&#8220; u kojoj glumi Lalu i &#8220;Blentav, a mo\u017eda i nije&#8220; gde glumi Bosanca i obe su ekranizovane. U monodrami &#8220;Ili ima da nas nema&#8220;, koja je tako\u0111e ekranizovana, obra\u0111uje problem &#8220;bele kuge&#8220; u Vojvodini. Jedino najnovija monodrama &#8220; &#8216;Bem ti i Pejine&#8220; nije filmovana, ali se o\u010dekuje i njena ekranizacija. Dokumentarni film &#8220;Sva Gojkova blaga&#8220;, koji je o njemu sniman, dobio je 2005. godine prvu nagradu na me\u0111unarodnom filmskom festivalu u kategoriji dokumentaraca preko trideset minuta, a u njemu se isti\u010de duhovna ispred materijalne vrednosti. Ima izgleda da se prema drami &#8220;Kraji\u0161nici u ravnici, u ravnici Kraji\u0161nici&#8220; snimi celove\u010dernji igrani film. U pripremi za objavljivanje je i prva Gojkova zbirka pesama.<\/span><\/font><\/p>\n<div align=\"center\"><font size=\"2\"><span style=\"font-size: 10pt; font-family: Arial;\"><img loading=\"lazy\" decoding=\"async\" width=\"420\" height=\"315\" align=\"middle\" alt=\"\" src=\"\/UserFiles\/Image\/Avgust2007vesti\/Todorovic-publika.jpg\" \/><\/span><\/font><\/div>\n<p align=\"justify\" style=\"text-align: justify;\" class=\"MsoNormal\"><font size=\"2\"><span style=\"font-size: 10pt; font-family: Arial;\">\u00a0<\/span><\/font><font size=\"2\"><span style=\"font-size: 10pt; font-family: Arial;\"><span style=\"\">\u00a0\u00a0\u00a0\u00a0\u00a0\u00a0\u00a0\u00a0\u00a0 <\/span>\u0160ajka\u0161anima se pomenute ve\u010deri Gojko predstavio svojim pesmama, delovima monodrama i dijalozima. Sve je to uspeo izvanredno ukomponovati u jednu skladnu celinu koju je zavr\u0161io, na samo njemu svojstven na\u010din, porukom: &#8220;Volite se i pravite decu ili ima da nas nema!&#8220;<\/span><\/font><\/p>\n<p><strong>Autor:<\/strong> Nikola D. Turajli\u0107<br \/>\n<strong>Datum:<\/strong> 12, 08, 2007.<\/p>\n","protected":false},"excerpt":{"rendered":"<p>Gojko Todorovi\u0107 poru\u010duje svome narodu<\/p>\n","protected":false},"author":1,"featured_media":0,"comment_status":"open","ping_status":"open","sticky":false,"template":"","format":"standard","meta":{"footnotes":""},"categories":[1],"tags":[],"class_list":["post-10640","post","type-post","status-publish","format-standard","hentry","category-nekategorizovano"],"_links":{"self":[{"href":"https:\/\/ravnica.info\/arhiva\/index.php?rest_route=\/wp\/v2\/posts\/10640","targetHints":{"allow":["GET"]}}],"collection":[{"href":"https:\/\/ravnica.info\/arhiva\/index.php?rest_route=\/wp\/v2\/posts"}],"about":[{"href":"https:\/\/ravnica.info\/arhiva\/index.php?rest_route=\/wp\/v2\/types\/post"}],"author":[{"embeddable":true,"href":"https:\/\/ravnica.info\/arhiva\/index.php?rest_route=\/wp\/v2\/users\/1"}],"replies":[{"embeddable":true,"href":"https:\/\/ravnica.info\/arhiva\/index.php?rest_route=%2Fwp%2Fv2%2Fcomments&post=10640"}],"version-history":[{"count":0,"href":"https:\/\/ravnica.info\/arhiva\/index.php?rest_route=\/wp\/v2\/posts\/10640\/revisions"}],"wp:attachment":[{"href":"https:\/\/ravnica.info\/arhiva\/index.php?rest_route=%2Fwp%2Fv2%2Fmedia&parent=10640"}],"wp:term":[{"taxonomy":"category","embeddable":true,"href":"https:\/\/ravnica.info\/arhiva\/index.php?rest_route=%2Fwp%2Fv2%2Fcategories&post=10640"},{"taxonomy":"post_tag","embeddable":true,"href":"https:\/\/ravnica.info\/arhiva\/index.php?rest_route=%2Fwp%2Fv2%2Ftags&post=10640"}],"curies":[{"name":"wp","href":"https:\/\/api.w.org\/{rel}","templated":true}]}}