{"id":10635,"date":"2007-08-02T00:00:00","date_gmt":"2007-08-01T22:00:00","guid":{"rendered":"http:\/\/localhost\/ravnica\/2007\/08\/02\/predstavnici-drustva-srpsko-norveskog-prijateljstva-na-pecurkijadi\/"},"modified":"2007-08-02T00:00:00","modified_gmt":"2007-08-01T22:00:00","slug":"predstavnici-drustva-srpsko-norveskog-prijateljstva-na-pecurkijadi","status":"publish","type":"post","link":"https:\/\/ravnica.info\/arhiva\/?p=10635","title":{"rendered":"Predstavnici dru\u0161tva srpsko-norve\u0161kog prijateljstva na \u201ePe\u010durkijadi\u201c"},"content":{"rendered":"<p style=\"text-align: justify;\"><strong>Gosti ovogodi\u0161nje lo\u010dke \u201ePe\u010durkijade\u201c bili su i predstavnici Dru\u0161tva srpsko-norve\u0161kog prijateljstva predvo\u0111eni gospo\u0111om Kirkom Ge\u010devski.<\/strong><\/p>\n<p><!--more--><\/p>\n<p align=\"justify\" class=\"MsoNormal\" style=\"text-align: justify;\">\n\t<img decoding=\"async\" align=\"left\" alt=\"\" hspace=\"6\" src=\"\/UserFiles\/Image\/Avgust2007vesti\/Kirka-Gecevska.jpg\" style=\"width: 217px; height: 237px;\" vspace=\"6\" \/><font size=\"2\"><span style=\"font-size: 10pt; font-family: Arial;\"><strong><br \/>\n\t<\/strong><\/span><\/font><\/p>\n<p align=\"justify\" class=\"MsoNormal\" style=\"text-align: justify;\">\n\t<font size=\"2\"><span style=\"font-size: 10pt; font-family: Arial;\"><strong>\u00a0\u00a0\u00a0\u00a0\u00a0\u00a0\u00a0 <\/strong>Za one slabije upu\u0107ene da napomenemo da je ovo Dru\u0161tvo nastalo od sli\u010dne organizacije jugoslovensko-norve\u0161kog prijateljstva koju su formirali na\u0161i internirci koji su za vreme Drugog svetskog rata bili u logorima i na prisilnom radu u Norve\u0161koj. Na\u0161im ljudima u nevolji mnogo su tada pomagali Norve\u017eani, a brojne internirce su spasili i od sigurne smrti. Nakon raspada SFR Jugoslavije ova se organizacija transformisala u Dru\u0161tvo srpsko-norve\u0161kog prijateljstva. I u samoj Norve\u0161koj postoji sli\u010dna organizacija, Dru\u0161tvo norve\u0161ko-srpskog prijateljstva. Ova dva dru\u0161tva imaju dobru me\u0111usobnu saradnju. U Gornjem Milanovcu postoji Norve\u0161ka ku\u0107a koja ove godine slavi dve decenije postojanja pa se o\u010dekuje dolazak stotinjak Norve\u017eana, a i na\u0161i ljudi \u010desto pose\u0107uju ovu skandinavsku zemlju.<\/span><\/font><\/p>\n<p align=\"justify\" class=\"MsoNormal\" style=\"text-align: justify;\">\n\t<img loading=\"lazy\" decoding=\"async\" align=\"middle\" alt=\"\" height=\"323\" src=\"\/UserFiles\/Image\/Avgust2007vesti\/Gosti-Norveska.jpg\" width=\"520\" \/><\/p>\n<div align=\"justify\">\n\t<font size=\"2\"><span style=\"font-size: 10pt; font-family: Arial;\"><span style=\"\">\u00a0\u00a0\u00a0\u00a0\u00a0\u00a0\u00a0\u00a0 <\/span>&#8211; Pre dve godine u Titelu je formiran ogranak Dru\u0161tva srpsko-norve\u0161kog prijateljstva \u010diji je predsednik Stevan Ge\u010devski, pa smo na njihov poziv do\u0161li i evo nas i u Loku. Iako nismo ni znali za &#39;&#39;Pe\u010durkijadu&#39;&#39;, mnogo nam se dopala pa se nadamo da \u0107emo do\u0107i i dogodine. A mi evo i vas pozivamo na dvadesetogodi\u0161njicu Norve\u0161ke ku\u0107e koja \u0107e se obele\u017eiti u septembru \u2013 rekla je gospo\u0111a Ge\u010devski. <\/span><\/font><\/div>\n<p><strong>Autor:<\/strong> Nikola D. Turajli\u0107<br \/>\n<strong>Datum:<\/strong> 02, 08, 2007.<\/p>\n","protected":false},"excerpt":{"rendered":"<p>Gosti ovogodi\u0161nje lo\u010dke \u201ePe\u010durkijade\u201c bili su i predstavnici Dru\u0161tva srpsko-norve\u0161kog prijateljstva predvo\u0111eni gospo\u0111om Kirkom Ge\u010devski.<\/p>\n","protected":false},"author":1,"featured_media":0,"comment_status":"open","ping_status":"open","sticky":false,"template":"","format":"standard","meta":{"footnotes":""},"categories":[1],"tags":[],"class_list":["post-10635","post","type-post","status-publish","format-standard","hentry","category-nekategorizovano"],"_links":{"self":[{"href":"https:\/\/ravnica.info\/arhiva\/index.php?rest_route=\/wp\/v2\/posts\/10635","targetHints":{"allow":["GET"]}}],"collection":[{"href":"https:\/\/ravnica.info\/arhiva\/index.php?rest_route=\/wp\/v2\/posts"}],"about":[{"href":"https:\/\/ravnica.info\/arhiva\/index.php?rest_route=\/wp\/v2\/types\/post"}],"author":[{"embeddable":true,"href":"https:\/\/ravnica.info\/arhiva\/index.php?rest_route=\/wp\/v2\/users\/1"}],"replies":[{"embeddable":true,"href":"https:\/\/ravnica.info\/arhiva\/index.php?rest_route=%2Fwp%2Fv2%2Fcomments&post=10635"}],"version-history":[{"count":0,"href":"https:\/\/ravnica.info\/arhiva\/index.php?rest_route=\/wp\/v2\/posts\/10635\/revisions"}],"wp:attachment":[{"href":"https:\/\/ravnica.info\/arhiva\/index.php?rest_route=%2Fwp%2Fv2%2Fmedia&parent=10635"}],"wp:term":[{"taxonomy":"category","embeddable":true,"href":"https:\/\/ravnica.info\/arhiva\/index.php?rest_route=%2Fwp%2Fv2%2Fcategories&post=10635"},{"taxonomy":"post_tag","embeddable":true,"href":"https:\/\/ravnica.info\/arhiva\/index.php?rest_route=%2Fwp%2Fv2%2Ftags&post=10635"}],"curies":[{"name":"wp","href":"https:\/\/api.w.org\/{rel}","templated":true}]}}