{"id":10631,"date":"2007-07-31T00:00:00","date_gmt":"2007-07-30T22:00:00","guid":{"rendered":"http:\/\/localhost\/ravnica\/2007\/07\/31\/treca-pecurkijada-u-loku\/"},"modified":"2007-07-31T00:00:00","modified_gmt":"2007-07-30T22:00:00","slug":"treca-pecurkijada-u-loku","status":"publish","type":"post","link":"https:\/\/ravnica.info\/arhiva\/?p=10631","title":{"rendered":"Tre\u0107a \u201ePe\u010durkijada\u201c u Loku"},"content":{"rendered":"<p style=\"text-align: justify;\"><strong>U organizaciji Ekolo\u0161kog dru\u0161tva &#8222;Forland&#8220;, a pod pokroviteljstvom Op\u0161tine Titel, u Loku \u0107e se 2. avgusta, na parohijsku slavu Svetog Iliju, odr\u017eati tre\u0107a po redu &#8222;Pe\u010durkijada&#8220;.<\/strong><\/p>\n<p><!--more--><\/p>\n<p align=\"center\" class=\"MsoNormal\"><font size=\"2\"><span style=\"font-family: Arial;\"><img loading=\"lazy\" decoding=\"async\" width=\"420\" height=\"315\" align=\"middle\" alt=\"\" src=\"\/UserFiles\/Image\/Jul2007vesti\/2pecurkijada 2006.jpg\" \/><br \/>\n<\/span><\/font><\/p>\n<p align=\"justify\" class=\"MsoNormal\"><font size=\"2\"><span style=\"font-family: Arial;\">\u00a0\u00a0\u00a0\u00a0\u00a0\u00a0\u00a0 <\/span><\/font><span style=\"font-size: 10pt; font-family: Arial;\">U organizaciji Ekolo\u0161kog dru\u0161tva &#8220;Forland&#8220;, a pod pokroviteljstvom Op\u0161tine Titel, u Loku \u0107e se 2. avgusta, na parohijsku slavu Svetog Iliju, odr\u017eati tre\u0107a po redu &#8220;Pe\u010durkijada&#8220;. Glavna atrakcija na manifestaciji bi\u0107e kotli\u0107i u kojima \u0107e se kuvati paprika\u0161i sa pe\u010durkama od rali\u010ditih vrsta mesa i to je takmi\u010darskog karaktera. Za takmi\u010denje je prijavljeno oko 25 kotli\u0107a. Najvi\u0161e ih je, naravno, iz Loka, a svoje predstavnike ima\u0107e Novi Sad, Gospo\u0111inci, Gardinovci, Titel&#8230;<\/span><\/p>\n<p align=\"justify\" class=\"MsoNormal\">\n<p style=\"text-align: justify;\" class=\"MsoNormal\"><span style=\"font-size: 10pt; font-family: Arial;\">\u00a0\u00a0\u00a0\u00a0\u00a0\u00a0\u00a0 U parku u sredi\u0161tu Loka, gde se manifestacija i odr\u017eava, bi\u0107e postavljeni \u0161tandovi na kojima \u0107e se prigodnim izlo\u017ebama predstaviti Lova\u010dko dru\u0161tvo &#8220;Jarebica&#8220; iz Loka, proizvo\u0111a\u010di meda, Etno ku\u0107a &#8220;Bogojevi\u0107&#8220; iz Titela, Pekara &#8220;Bubica&#8220; iz Loka, &#8220;Keramika amfora&#8220; iz Gardinovaca i Atelje &#8220;Latas&#8220; iz Novog Sada. Na velikoj bini postavljenoj u parku nastupi\u0107e tambura\u0161i iz Titela, orkestar KUD-a &#8220;Sajka\u0161&#8220; iz \u0160ajka\u0161a sa najmla\u0111im folklornim grupama kao i AKUD &#8220;Jovan Popovi\u0107&#8220; iz Titela. Gosti manifestacije bi\u0107e i troje slikara iz Francuske, koji su u\u010desnici Me\u0111unarodnog likovnog kampa koji se odr\u017eava u Kovilju. <o:p><\/o:p><\/span><\/p>\n<p><span style=\"font-size: 10pt; font-family: Arial;\"><span style=\"\">\u00a0\u00a0\u00a0\u00a0\u00a0\u00a0\u00a0\u00a0\u00a0 <\/span>Program po\u010dinje u podne potpaljivanjem kotli\u0107a.<\/span><\/p>\n<p align=\"center\" class=\"MsoNormal\"><font size=\"2\"><span style=\"font-size: 10pt; font-family: Arial;\"><img loading=\"lazy\" decoding=\"async\" width=\"420\" height=\"315\" align=\"middle\" alt=\"\" src=\"\/UserFiles\/Image\/Jul2007vesti\/2pecurkijada.jpg\" \/><\/span><\/font><\/p>\n<p align=\"justify\" class=\"MsoNormal\"><font size=\"2\"><span style=\"font-family: Arial;\">\u00a0\u00a0\u00a0\u00a0\u00a0\u00a0\u00a0 <\/span><\/font><font size=\"2\"><span style=\"font-size: 10pt; font-family: Arial;\">&#8211; Za osnovni<span style=\"\"> <\/span>cilj &#8222;Pe\u010durkijada&#8220; ima<span style=\"\">\u00a0 <\/span>povezivanje ljudi sa prirodom i promovisanje Loka i op\u0161tine Titel kao etno turisti\u010dke manifestacije, isti\u010de \u0110or\u0111e Vidi\u0107, predsednik Ekolo\u0161kog dru\u0161tva \u201eForland\u201c iz Loka.<\/span><\/font><\/p>\n<p><strong>Autor:<\/strong> Nikola D. Turajli\u0107<br \/>\n<strong>Datum:<\/strong> 31, 07, 2007.<\/p>\n","protected":false},"excerpt":{"rendered":"<p>U organizaciji Ekolo\u0161kog dru\u0161tva &#8222;Forland&#8220;, a pod pokroviteljstvom Op\u0161tine Titel, u Loku \u0107e se 2. avgusta, na parohijsku slavu Svetog Iliju, odr\u017eati tre\u0107a po redu &#8222;Pe\u010durkijada&#8220;.<\/p>\n","protected":false},"author":1,"featured_media":0,"comment_status":"open","ping_status":"open","sticky":false,"template":"","format":"standard","meta":{"footnotes":""},"categories":[1],"tags":[],"class_list":["post-10631","post","type-post","status-publish","format-standard","hentry","category-nekategorizovano"],"_links":{"self":[{"href":"https:\/\/ravnica.info\/arhiva\/index.php?rest_route=\/wp\/v2\/posts\/10631","targetHints":{"allow":["GET"]}}],"collection":[{"href":"https:\/\/ravnica.info\/arhiva\/index.php?rest_route=\/wp\/v2\/posts"}],"about":[{"href":"https:\/\/ravnica.info\/arhiva\/index.php?rest_route=\/wp\/v2\/types\/post"}],"author":[{"embeddable":true,"href":"https:\/\/ravnica.info\/arhiva\/index.php?rest_route=\/wp\/v2\/users\/1"}],"replies":[{"embeddable":true,"href":"https:\/\/ravnica.info\/arhiva\/index.php?rest_route=%2Fwp%2Fv2%2Fcomments&post=10631"}],"version-history":[{"count":0,"href":"https:\/\/ravnica.info\/arhiva\/index.php?rest_route=\/wp\/v2\/posts\/10631\/revisions"}],"wp:attachment":[{"href":"https:\/\/ravnica.info\/arhiva\/index.php?rest_route=%2Fwp%2Fv2%2Fmedia&parent=10631"}],"wp:term":[{"taxonomy":"category","embeddable":true,"href":"https:\/\/ravnica.info\/arhiva\/index.php?rest_route=%2Fwp%2Fv2%2Fcategories&post=10631"},{"taxonomy":"post_tag","embeddable":true,"href":"https:\/\/ravnica.info\/arhiva\/index.php?rest_route=%2Fwp%2Fv2%2Ftags&post=10631"}],"curies":[{"name":"wp","href":"https:\/\/api.w.org\/{rel}","templated":true}]}}