{"id":10630,"date":"2007-07-31T00:00:00","date_gmt":"2007-07-30T22:00:00","guid":{"rendered":"http:\/\/localhost\/ravnica\/2007\/07\/31\/devojcice-na-likovnoj-koloniji\/"},"modified":"2007-07-31T00:00:00","modified_gmt":"2007-07-30T22:00:00","slug":"devojcice-na-likovnoj-koloniji","status":"publish","type":"post","link":"https:\/\/ravnica.info\/arhiva\/?p=10630","title":{"rendered":"Devoj\u010dice na likovnoj koloniji"},"content":{"rendered":"<p style=\"text-align: justify;\"><strong>Nina Pavlovi\u0107 i Biljana \u0160e\u0107erov, polaznice Male \u0161kole slikanja pri Narodnoj biblioteci &#8222;Stojan Trumi\u0107&#8220; iz Titela , u\u010desnice su osmodnevne  likovne kolonije &#8222;Sunce&#8220; koja se odr\u017eava u Prokuplju do 3. avgusta.<\/strong><\/p>\n<p><!--more--><\/p>\n<p align=\"justify\" class=\"MsoBodyTextIndent\" style=\"margin-left: 4.5pt; text-indent: 0cm;\"><font size=\"2\"><span style=\"font-family: Arial;\">\u00a0\u00a0\u00a0\u00a0\u00a0\u00a0\u00a0 Organizator ove kolonije je jugoslovensko &#8211; norve\u0161ko dru\u0161tvo, ogranak u Prokuplju.<\/span><\/font><\/p>\n<div align=\"center\"><img loading=\"lazy\" decoding=\"async\" width=\"420\" height=\"315\" align=\"middle\" alt=\"\" src=\"\/UserFiles\/Image\/Jul2007vesti\/Polaznici-skole-slikanja.jpg\" \/><\/div>\n<p align=\"justify\" class=\"MsoBodyTextIndent\" style=\"margin-left: 4.5pt; text-indent: 0cm;\"><font size=\"2\"><span style=\"font-family: Arial;\"><o:p><\/o:p><\/span><\/font><\/p>\n<div align=\"justify\">\u00a0\u00a0\u00a0\u00a0\u00a0\u00a0\u00a0\u00a0  <font size=\"2\"><span style=\"font-size: 10pt; font-family: Arial;\">Organizator je za u\u010desnike obezbedio vi\u0161e izleta u okolini Prokuplja \u2013 \u0110avolja Varo\u0161, Prolom Banja, Ajdanovac, jezero Bublica, Hisar, a izlo\u017eba radova je 3. avgusta u pe\u0161a\u010dkoj zoni u Jug Bogdanovoj ulici.<\/span><\/font><\/div>\n<p><strong>Autor:<\/strong> Du\u0161anka Buva\u010d<br \/>\n<strong>Datum:<\/strong> 31, 07, 2007.<\/p>\n","protected":false},"excerpt":{"rendered":"<p>Nina Pavlovi\u0107 i Biljana \u0160e\u0107erov, polaznice Male \u0161kole slikanja pri Narodnoj biblioteci &#8222;Stojan Trumi\u0107&#8220; iz Titela , u\u010desnice su osmodnevne  likovne kolonije &#8222;Sunce&#8220; koja se odr\u017eava u Prokuplju do 3. avgusta.<\/p>\n","protected":false},"author":1,"featured_media":0,"comment_status":"open","ping_status":"open","sticky":false,"template":"","format":"standard","meta":{"footnotes":""},"categories":[1],"tags":[],"class_list":["post-10630","post","type-post","status-publish","format-standard","hentry","category-nekategorizovano"],"_links":{"self":[{"href":"https:\/\/ravnica.info\/arhiva\/index.php?rest_route=\/wp\/v2\/posts\/10630","targetHints":{"allow":["GET"]}}],"collection":[{"href":"https:\/\/ravnica.info\/arhiva\/index.php?rest_route=\/wp\/v2\/posts"}],"about":[{"href":"https:\/\/ravnica.info\/arhiva\/index.php?rest_route=\/wp\/v2\/types\/post"}],"author":[{"embeddable":true,"href":"https:\/\/ravnica.info\/arhiva\/index.php?rest_route=\/wp\/v2\/users\/1"}],"replies":[{"embeddable":true,"href":"https:\/\/ravnica.info\/arhiva\/index.php?rest_route=%2Fwp%2Fv2%2Fcomments&post=10630"}],"version-history":[{"count":0,"href":"https:\/\/ravnica.info\/arhiva\/index.php?rest_route=\/wp\/v2\/posts\/10630\/revisions"}],"wp:attachment":[{"href":"https:\/\/ravnica.info\/arhiva\/index.php?rest_route=%2Fwp%2Fv2%2Fmedia&parent=10630"}],"wp:term":[{"taxonomy":"category","embeddable":true,"href":"https:\/\/ravnica.info\/arhiva\/index.php?rest_route=%2Fwp%2Fv2%2Fcategories&post=10630"},{"taxonomy":"post_tag","embeddable":true,"href":"https:\/\/ravnica.info\/arhiva\/index.php?rest_route=%2Fwp%2Fv2%2Ftags&post=10630"}],"curies":[{"name":"wp","href":"https:\/\/api.w.org\/{rel}","templated":true}]}}