{"id":10628,"date":"2007-07-29T00:00:00","date_gmt":"2007-07-28T22:00:00","guid":{"rendered":"http:\/\/localhost\/ravnica\/2007\/07\/29\/samozastita-izvozni-brend-slovenaca\/"},"modified":"2007-07-29T00:00:00","modified_gmt":"2007-07-28T22:00:00","slug":"samozastita-izvozni-brend-slovenaca","status":"publish","type":"post","link":"https:\/\/ravnica.info\/arhiva\/?p=10628","title":{"rendered":"Samoza\u0161tita &#8211; izvozni brend Slovenaca"},"content":{"rendered":"<p style=\"text-align: justify;\"><strong>Prvi seminar o samoza\u0161titi odr\u017ean na Pali\u0107u<\/strong><\/p>\n<p><!--more--><\/p>\n<div align=\"justify\">  <\/div>\n<div align=\"justify\">  <\/div>\n<div align=\"justify\">  <\/div>\n<div align=\"justify\">  <\/div>\n<p align=\"justify\" class=\"MsoNormal\"><font size=\"2\"><span style=\"font-family: Arial;\">\u00a0\u00a0\u00a0\u00a0\u00a0\u00a0\u00a0 Trodnevni seminar na temu Upravljanje u vanrednim situacijama i procena ugro\u017eenosti na lokalnom nivou u organizaciji ameri\u010dke agencije USAID okupio je predstavnike op\u0161tina Opovo, Sremski Karlovci, Titel i Zrenjanin.<\/span><\/font><\/p>\n<p align=\"center\" class=\"MsoNormal\"><font size=\"2\"><span style=\"font-family: Arial;\"><img loading=\"lazy\" decoding=\"async\" width=\"420\" height=\"315\" align=\"middle\" alt=\"\" src=\"\/UserFiles\/Image\/Jul2007vesti\/Titeljani-i-zrenjaninci.jpg\" \/> <br \/>\n<\/span><\/font><\/p>\n<p align=\"justify\" class=\"MsoNormal\"><font size=\"2\"><span style=\"font-family: Arial;\">\u00a0\u00a0\u00a0\u00a0\u00a0\u00a0\u00a0 Ova ameri\u010dka agencija u 2006. radila je sa slu\u017ebama za reagovanje u kriznim situacijama iz 14 op\u0161tina centralne, ju\u017ene i jugozapadne Srbije. U ovoj godini radi se u 12 dodatnih op\u0161tina u regionu Ni\u0161ave, a ovo je prvi seminar za podru\u010dje Vojvodine.<br \/>\n\u00a0\u00a0\u00a0\u00a0\u00a0\u00a0\u00a0 &#8211; Obzirom da su op\u0161tine u Vojvodini nekoliko puta proteklih godina bile te\u0161ko pogo\u0111ene poplavama, \u017eelimo da na\u0161u saradnju<span style=\"\">\u00a0 <\/span>prete\u017eno baziramo<span style=\"\">\u00a0 <\/span>na podizanju kapaciteta za odbranu od ove prirodne pojave. Ovaj trodnevni trening je bio prilika da u\u010desnici, koji imaju konkretno iskustvo, predstave primere dobre prakse u dosada\u0161njem reagovanju u borbi sa elementarnim nepogodama i ostalim kriznim situacijama, isti\u010de Barbara Dejvis, koja je na \u010dulu tima ovog Projekta.<\/span><\/font><\/p>\n<p align=\"center\" class=\"MsoNormal\"><font size=\"2\"><span style=\"font-family: Arial;\"><img loading=\"lazy\" decoding=\"async\" width=\"420\" height=\"315\" align=\"middle\" alt=\"\" src=\"\/UserFiles\/Image\/Jul2007vesti\/B_-Dejvis.jpg\" \/> <br \/>\n<\/span><\/font><\/p>\n<p align=\"justify\" class=\"MsoNormal\"><font size=\"2\"><span style=\"font-family: Arial;\"><img loading=\"lazy\" decoding=\"async\" width=\"150\" height=\"111\" align=\"right\" alt=\"\" src=\"\/UserFiles\/Image\/Jul2007vesti\/Milan-Nastasic.jpg\" \/>\u00a0\u00a0\u00a0\u00a0\u00a0\u00a0\u00a0 &#8211; Razmena iskustava je pokazala da smo mi na razli\u010dite na\u010dine u ugro\u017eenim op\u0161tinama, uglavnom uspe\u0161no, re\u0161avali probleme. Me\u0111utim, potrebno je to unificirati, odnosno re\u0161iti zakonima. Nepojmljivo je da jedan ovakav seminar ne organizuju nadle\u017ene dr\u017eavne institucije, nego stranci, isti\u010de Milan Nastasi\u0107, predsednik SO Titel i dodaje da dobra preventiva donosi najve\u0107e u\u0161tede. Me\u0111utim, za sada je to dr\u017eava sve prebacila lokalnim upravama, ali ne i sredstva.<br \/>\n\u00a0\u00a0\u00a0\u00a0\u00a0\u00a0\u00a0 Polaznicima seminara je predo\u010deno da USAID je spremna da, u saradnji<span style=\"\"> <\/span>sa slu\u017ebama za reagovanje na op\u0161tinskom nivou, pru\u017ei pomo\u0107<span style=\"\">\u00a0 <\/span>pri izradi i a\u017euriranju planova za procenu rizika i reagovanje u slu\u010daju vanredne situacije.<o:p><\/o:p><\/span><\/font><\/p>\n<div align=\"justify\">  <\/div>\n<div align=\"justify\">  <\/div>\n<p align=\"center\" class=\"MsoNormal\"><font size=\"2\"><span style=\"font-family: Arial;\"><o:p><\/o:p><strong>Samoza\u0161tita izvozni brend Slovenaca<\/strong> <o:p><\/o:p><\/span><\/font><\/p>\n<div align=\"justify\">  <\/div>\n<div align=\"justify\">  <\/div>\n<p align=\"justify\" class=\"MsoNormal\"><font size=\"2\"><span style=\"font-family: Arial;\"><o:p>\u00a0\u00a0\u00a0\u00a0\u00a0\u00a0\u00a0\u00a0 <\/o:p>Tokom seminara ukazano je da je sistem za\u0161tite u biv\u0161oj Jugoslaviji dobro funkcionisao, da su ga Slovenci prilagodili sada\u0161njoj situaciji i da \u0107e im to biti izvozni brend.<o:p><\/o:p><\/span><\/font><\/p>\n<div align=\"justify\">  <\/div>\n<div align=\"justify\">  <\/div>\n<p align=\"justify\" class=\"MsoNormal\"><font size=\"2\"><span style=\"font-family: Arial;\"><strong>ANKETA: Kako ocenjujete seminar?<\/strong><o:p><\/o:p><\/span><\/font><\/p>\n<div align=\"justify\">  <\/div>\n<div><font size=\"2\"><span style=\"font-family: Arial;\"><o:p><img loading=\"lazy\" decoding=\"async\" width=\"150\" height=\"113\" align=\"left\" alt=\"\" src=\"\/UserFiles\/Image\/Jul2007vesti\/Milovan-Milankov.jpg\" \/>\u00a0<\/o:p><\/span><\/font><\/div>\n<div align=\"justify\">  <\/div>\n<p align=\"justify\" class=\"MsoNormal\"><font size=\"2\"><span style=\"font-family: Arial;\"><br \/>\n<\/span><\/font><\/p>\n<p align=\"justify\" class=\"MsoNormal\"><font size=\"2\"><span style=\"font-family: Arial;\"><br \/>\n<\/span><\/font><\/p>\n<p align=\"justify\" class=\"MsoNormal\"><font size=\"2\"><span style=\"font-family: Arial;\"><br \/>\n<\/span><\/font><\/p>\n<p align=\"justify\" class=\"MsoNormal\"><font size=\"2\"><span style=\"font-family: Arial;\"><br \/>\n<strong> Milovan Milankov<\/strong>, Opovo<o:p><\/o:p><\/span><\/font><\/p>\n<div align=\"justify\">  <\/div>\n<div align=\"justify\">  <\/div>\n<p align=\"justify\" class=\"MsoNormal\"><font size=\"2\"><span style=\"font-family: Arial;\">Dobar seminar. Prilika da pro\u0161irimo teoretska znanja.<o:p><br \/>\n<\/o:p><\/span><\/font><\/p>\n<div><font size=\"2\"><span style=\"font-family: Arial;\"><o:p> \u00a0<\/o:p><\/span><\/font><font size=\"2\"><span style=\"font-family: Arial;\"><img loading=\"lazy\" decoding=\"async\" width=\"150\" height=\"113\" align=\"left\" alt=\"\" src=\"\/UserFiles\/Image\/Jul2007vesti\/Slavko-Mancev.jpg\" \/><\/span><\/font><font size=\"2\"><span style=\"font-family: Arial;\"><\/span><\/font><font size=\"2\"><span style=\"font-family: Arial;\"><\/span><\/font><\/div>\n<div align=\"justify\">  <\/div>\n<p align=\"justify\" class=\"MsoNormal\"><font size=\"2\"><span style=\"font-family: Arial;\"><br \/>\n<\/span><\/font><\/p>\n<p align=\"justify\" class=\"MsoNormal\"><font size=\"2\"><span style=\"font-family: Arial;\"><br \/>\n<\/span><\/font><\/p>\n<p align=\"justify\" class=\"MsoNormal\"><font size=\"2\"><span style=\"font-family: Arial;\"><br \/>\n<\/span><\/font><\/p>\n<p align=\"justify\" class=\"MsoNormal\"><font size=\"2\"><span style=\"font-family: Arial;\"><\/span><\/font><\/p>\n<p align=\"justify\" class=\"MsoNormal\"><font size=\"2\"><span style=\"font-family: Arial;\"><br \/>\n<\/span><\/font><\/p>\n<p align=\"justify\" class=\"MsoNormal\"><font size=\"2\"><span style=\"font-family: Arial;\"><strong>Slavko Man\u010dev<\/strong>, Opovo<o:p><\/o:p><\/span><\/font><\/p>\n<div align=\"justify\">  <\/div>\n<p align=\"justify\" class=\"MsoNormal\"><font size=\"2\"><span style=\"font-family: Arial;\">Prilika za razmenu iskustava sa drugim op\u0161tinama. Potvrdio je da je potrebna i stru\u010dna i materijalna pomo\u0107 dr\u017eave.<o:p><\/o:p><\/span><\/font><\/p>\n<div align=\"justify\">  <\/div>\n<div><font size=\"2\"><span style=\"font-family: Arial;\"><o:p><img loading=\"lazy\" decoding=\"async\" width=\"150\" height=\"113\" align=\"left\" alt=\"\" src=\"\/UserFiles\/Image\/Jul2007vesti\/Vladimir-Zeravica.jpg\" \/>\u00a0<\/o:p><\/span><\/font><\/div>\n<div align=\"justify\">  <\/div>\n<p align=\"justify\" class=\"MsoNormal\"><font size=\"2\"><span style=\"font-family: Arial;\"><br \/>\n<\/span><\/font><\/p>\n<p align=\"justify\" class=\"MsoNormal\"><font size=\"2\"><span style=\"font-family: Arial;\"><br \/>\n<\/span><\/font><\/p>\n<p align=\"justify\" class=\"MsoNormal\"><font size=\"2\"><span style=\"font-family: Arial;\"><br \/>\n<\/span><\/font><\/p>\n<p align=\"justify\" class=\"MsoNormal\"><font size=\"2\"><span style=\"font-family: Arial;\"><br \/>\n<strong> Vladimir \u017deravica<\/strong>, Sremski Karlovci<o:p><\/o:p><\/span><\/font><\/p>\n<div align=\"justify\">  <\/div>\n<p align=\"justify\" class=\"MsoNormal\"><font size=\"2\"><span style=\"font-family: Arial;\">Predava\u010di koriste savremene metode. Zadovoljan sam jer sam dosta nau\u010dio.<o:p><\/o:p><\/span><\/font><\/p>\n<div align=\"justify\">  <\/div>\n<div><font size=\"2\"><span style=\"font-family: Arial;\"><o:p><img loading=\"lazy\" decoding=\"async\" width=\"150\" height=\"113\" align=\"left\" alt=\"\" src=\"\/UserFiles\/Image\/Jul2007vesti\/Natasa-Locki.jpg\" \/>\u00a0<\/o:p><\/span><\/font><\/div>\n<div align=\"justify\">  <\/div>\n<p align=\"justify\" class=\"MsoNormal\"><font size=\"2\"><span style=\"font-family: Arial;\"><br \/>\n<\/span><\/font><\/p>\n<p align=\"justify\" class=\"MsoNormal\"><font size=\"2\"><span style=\"font-family: Arial;\"><br \/>\n<\/span><\/font><\/p>\n<p align=\"justify\" class=\"MsoNormal\"><font size=\"2\"><span style=\"font-family: Arial;\"><br \/>\n<\/span><\/font><\/p>\n<p align=\"justify\" class=\"MsoNormal\"><font size=\"2\"><span style=\"font-family: Arial;\"><br \/>\n<strong> Nata\u0161a Lo\u010dki<\/strong>, Titel<o:p><\/o:p><\/span><\/font><\/p>\n<div align=\"justify\">  <\/div>\n<p align=\"justify\" class=\"MsoNormal\"><font size=\"2\"><span style=\"font-family: Arial;\">Izuzetno koristan. Po\u0161to pro\u0161le godine za vreme poplava nisam bila uklju\u010dena ovo je bila prilika da steknem uvid u ovu problematiku.<o:p><\/o:p><\/span><\/font><\/p>\n<div align=\"justify\">  <\/div>\n<div><font size=\"2\"><span style=\"font-family: Arial;\"><o:p><img loading=\"lazy\" decoding=\"async\" width=\"150\" height=\"113\" align=\"left\" alt=\"\" src=\"\/UserFiles\/Image\/Jul2007vesti\/Sladjana-Petrovic-Bratic.jpg\" \/>\u00a0<\/o:p><\/span><\/font><\/div>\n<div align=\"justify\">  <\/div>\n<p align=\"justify\" class=\"MsoNormal\"><font size=\"2\"><span style=\"font-family: Arial;\"><br \/>\n<\/span><\/font><\/p>\n<p align=\"justify\" class=\"MsoNormal\"><font size=\"2\"><span style=\"font-family: Arial;\"><br \/>\n<\/span><\/font><\/p>\n<p align=\"justify\" class=\"MsoNormal\"><font size=\"2\"><span style=\"font-family: Arial;\"><br \/>\n<\/span><\/font><\/p>\n<p align=\"justify\" class=\"MsoNormal\"><font size=\"2\"><span style=\"font-family: Arial;\"><br \/>\n<strong> Sla\u0111ana Petrovi\u0107 Brati\u0107<\/strong>, Titel<o:p><\/o:p><\/span><\/font><\/p>\n<div align=\"justify\">  <\/div>\n<p align=\"justify\" class=\"MsoNormal\"><font size=\"2\"><span style=\"font-family: Arial;\">Zna\u010dajan seminar pogotovo za one koji dolaze iz lokalne uprave. Podeljen je kvalitetan materijal koji \u0107e mo\u0107i da poslu\u017ei i daljem radu.<o:p><\/o:p><\/span><\/font><\/p>\n<div align=\"justify\">  <\/div>\n<div><font size=\"2\"><span style=\"font-family: Arial;\"><o:p><img loading=\"lazy\" decoding=\"async\" width=\"150\" height=\"113\" align=\"left\" alt=\"\" src=\"\/UserFiles\/Image\/Jul2007vesti\/Zorica-Milosavljevic.jpg\" \/>\u00a0<\/o:p><\/span><\/font><\/div>\n<div align=\"justify\">  <\/div>\n<p align=\"justify\" class=\"MsoNormal\"><font size=\"2\"><span style=\"font-family: Arial;\"><br \/>\n<\/span><\/font><\/p>\n<p align=\"justify\" class=\"MsoNormal\"><font size=\"2\"><span style=\"font-family: Arial;\"><br \/>\n<\/span><\/font><\/p>\n<p align=\"justify\" class=\"MsoNormal\"><font size=\"2\"><span style=\"font-family: Arial;\"><br \/>\n<\/span><\/font><\/p>\n<p align=\"justify\" class=\"MsoNormal\"><font size=\"2\"><span style=\"font-family: Arial;\"><br \/>\n<strong> Zorica Milosavljevi\u0107<\/strong>, Sremski Karlovci<o:p><\/o:p><\/span><\/font><\/p>\n<div align=\"justify\">  <\/div>\n<p align=\"justify\" class=\"MsoNormal\"><font size=\"2\"><span style=\"font-family: Arial;\">Moderatori ovu izuzetno te\u0161ku materiju nisu uspeli da prezentuju najbolje, ali je zna\u010dajna razmena iskustava.<o:p><\/o:p><\/span><\/font><\/p>\n<div align=\"justify\">  <\/div>\n<div><font size=\"2\"><span style=\"font-family: Arial;\"><o:p><img loading=\"lazy\" decoding=\"async\" width=\"150\" height=\"113\" align=\"left\" alt=\"\" src=\"\/UserFiles\/Image\/Jul2007vesti\/Zoran-Prohaska.jpg\" \/>\u00a0<\/o:p><\/span><\/font><\/div>\n<div align=\"justify\">  <\/div>\n<p align=\"justify\" class=\"MsoNormal\"><font size=\"2\"><span style=\"font-family: Arial;\"><br \/>\n<\/span><\/font><\/p>\n<p align=\"justify\" class=\"MsoNormal\"><font size=\"2\"><span style=\"font-family: Arial;\"><br \/>\n<\/span><\/font><\/p>\n<p align=\"justify\" class=\"MsoNormal\"><font size=\"2\"><span style=\"font-family: Arial;\"><br \/>\n<\/span><\/font><\/p>\n<p align=\"justify\" class=\"MsoNormal\"><font size=\"2\"><span style=\"font-family: Arial;\"><br \/>\n<strong> Zoran Prohaska<\/strong>, Zrenjanin<o:p><\/o:p><\/span><\/font><\/p>\n<div align=\"justify\">  <\/div>\n<p align=\"justify\" class=\"MsoNormal\"><font size=\"2\"><span style=\"font-family: Arial;\">Dobro je da se neko setio da pokrene ovu temu. Do 1988. imali smo dobar sistem odbrane i spa\u0161avanja. Danas jo\u0161 uvek nemamo ni\u0161ta pored 1999., poplava, klizi\u0161ta, sada po\u017eara.<o:p><\/o:p><\/span><\/font><\/p>\n<div align=\"justify\">  <\/div>\n<div><font size=\"2\"><span style=\"font-family: Arial;\"><o:p><img loading=\"lazy\" decoding=\"async\" width=\"150\" height=\"113\" align=\"left\" alt=\"\" src=\"\/UserFiles\/Image\/Jul2007vesti\/Stojan-Kralj.jpg\" \/>\u00a0<\/o:p><\/span><\/font><\/div>\n<div align=\"justify\">  <\/div>\n<p align=\"justify\" class=\"MsoNormal\"><font size=\"2\"><span style=\"font-family: Arial;\"><br \/>\n<\/span><\/font><\/p>\n<p align=\"justify\" class=\"MsoNormal\"><font size=\"2\"><span style=\"font-family: Arial;\"><br \/>\n<\/span><\/font><\/p>\n<p align=\"justify\" class=\"MsoNormal\"><font size=\"2\"><span style=\"font-family: Arial;\"><br \/>\n<\/span><\/font><\/p>\n<p align=\"justify\" class=\"MsoNormal\"><font size=\"2\"><span style=\"font-family: Arial;\"><br \/>\n<strong> Zoran Kralj<\/strong>, Zrenjanin<o:p><\/o:p><\/span><\/font><\/p>\n<div align=\"justify\">  <\/div>\n<p align=\"justify\" class=\"MsoNormal\"><font size=\"2\"><span style=\"font-family: Arial;\">Imamo ura\u0111eno dosta akata i lo\u0161e iskustvo. Razmenili smo me\u0111usobna iskustva.<o:p><\/o:p><\/span><\/font><\/p>\n<p><strong>Autor:<\/strong> Du\u0161anka Buva\u010d<br \/>\n<strong>Datum:<\/strong> 29, 07, 2007.<\/p>\n","protected":false},"excerpt":{"rendered":"<p>Prvi seminar o samoza\u0161titi odr\u017ean na Pali\u0107u<\/p>\n","protected":false},"author":1,"featured_media":0,"comment_status":"open","ping_status":"open","sticky":false,"template":"","format":"standard","meta":{"footnotes":""},"categories":[1],"tags":[],"class_list":["post-10628","post","type-post","status-publish","format-standard","hentry","category-nekategorizovano"],"_links":{"self":[{"href":"https:\/\/ravnica.info\/arhiva\/index.php?rest_route=\/wp\/v2\/posts\/10628","targetHints":{"allow":["GET"]}}],"collection":[{"href":"https:\/\/ravnica.info\/arhiva\/index.php?rest_route=\/wp\/v2\/posts"}],"about":[{"href":"https:\/\/ravnica.info\/arhiva\/index.php?rest_route=\/wp\/v2\/types\/post"}],"author":[{"embeddable":true,"href":"https:\/\/ravnica.info\/arhiva\/index.php?rest_route=\/wp\/v2\/users\/1"}],"replies":[{"embeddable":true,"href":"https:\/\/ravnica.info\/arhiva\/index.php?rest_route=%2Fwp%2Fv2%2Fcomments&post=10628"}],"version-history":[{"count":0,"href":"https:\/\/ravnica.info\/arhiva\/index.php?rest_route=\/wp\/v2\/posts\/10628\/revisions"}],"wp:attachment":[{"href":"https:\/\/ravnica.info\/arhiva\/index.php?rest_route=%2Fwp%2Fv2%2Fmedia&parent=10628"}],"wp:term":[{"taxonomy":"category","embeddable":true,"href":"https:\/\/ravnica.info\/arhiva\/index.php?rest_route=%2Fwp%2Fv2%2Fcategories&post=10628"},{"taxonomy":"post_tag","embeddable":true,"href":"https:\/\/ravnica.info\/arhiva\/index.php?rest_route=%2Fwp%2Fv2%2Ftags&post=10628"}],"curies":[{"name":"wp","href":"https:\/\/api.w.org\/{rel}","templated":true}]}}