{"id":10625,"date":"2007-07-28T00:00:00","date_gmt":"2007-07-27T22:00:00","guid":{"rendered":"http:\/\/localhost\/ravnica\/2007\/07\/28\/sajkasani-uzivali-u-pesnickim-carolijama\/"},"modified":"2007-07-28T00:00:00","modified_gmt":"2007-07-27T22:00:00","slug":"sajkasani-uzivali-u-pesnickim-carolijama","status":"publish","type":"post","link":"https:\/\/ravnica.info\/arhiva\/?p=10625","title":{"rendered":"\u0160ajka\u0161ani u\u017eivali u pesni\u010dkim \u010darolijama"},"content":{"rendered":"<p style=\"text-align: justify;\"><strong>U organizaciji Aktiva \u017eena Kulturno-umetni\u010dkog dru\u0161tva &#8220;\u0160ajka\u0161&#8220;, u petak 27. jula, u sali KUD-a odr\u017eano je pesni\u010dko ve\u010de.<\/strong><\/p>\n<p><!--more--><\/p>\n<p align=\"center\" class=\"MsoNormal\"><font size=\"2\"><span style=\"font-size: 10pt; font-family: Arial;\"><img loading=\"lazy\" decoding=\"async\" width=\"420\" height=\"315\" align=\"middle\" src=\"\/UserFiles\/Image\/Jul2007vesti\/Pesnicko-vece.jpg\" alt=\"\" \/><\/span><\/font><\/p>\n<p align=\"justify\" class=\"MsoNormal\"><font size=\"2\"><span style=\"font-size: 10pt; font-family: Arial;\">\u00a0\u00a0\u00a0\u00a0\u00a0\u00a0\u00a0 U programu je u\u010destvovalo devet pesnika iz \u010detiri naselja \u0160ajka\u0161ke: Kovilja, Gardinovaca, Loka i \u0160ajka\u0161a. Nastupili su pesnici: Slavka Popovi\u0107 i Zorica Kova\u010devi\u0107 iz \u0160ajka\u0161a, Miroslav Koledin, Dragoslav Kolarov i Ljubomir Kazimir iz Kovilja, Vera \u010celi\u0107 iz Loka, Dominka Arsi\u0107, Velinka Jani\u0107 \u2013 Karanovi\u0107 i Mirko \u017digi\u0107 iz Gardinovaca. Publici se prvi put predstavila i \u017eenska peva\u010dka grupa KUD-a interpretacijom dveju narodnih pesama. Ljubitelji lepe pisane re\u010di u\u017eivali su u stihovima svojih sugra\u0111ana za koje mnogi nisu ni znali da pi\u0161u pesme. I po zavr\u0161etku programa dru\u017eenje sa pesnicima je nastavljeno uz pesmu i igru.<o:p><\/o:p><\/span><\/font><\/p>\n<div align=\"justify\">  <font size=\"2\"><span style=\"font-size: 10pt; font-family: Arial;\"><span style=\"\">\u00a0\u00a0\u00a0\u00a0\u00a0\u00a0\u00a0\u00a0\u00a0 <\/span>Ovo je prva priredba koju je organizovao novoformirani Aktiv \u017eena u \u0160ajka\u0161u.<\/span><\/font><\/div>\n<p><strong>Autor:<\/strong> Nikola D. Turajli\u0107<br \/>\n<strong>Datum:<\/strong> 28, 07, 2007.<\/p>\n","protected":false},"excerpt":{"rendered":"<p>U organizaciji Aktiva \u017eena Kulturno-umetni\u010dkog dru\u0161tva &#8220;\u0160ajka\u0161&#8220;, u petak 27. jula, u sali KUD-a odr\u017eano je pesni\u010dko ve\u010de.<\/p>\n","protected":false},"author":1,"featured_media":0,"comment_status":"open","ping_status":"open","sticky":false,"template":"","format":"standard","meta":{"footnotes":""},"categories":[1],"tags":[],"class_list":["post-10625","post","type-post","status-publish","format-standard","hentry","category-nekategorizovano"],"_links":{"self":[{"href":"https:\/\/ravnica.info\/arhiva\/index.php?rest_route=\/wp\/v2\/posts\/10625","targetHints":{"allow":["GET"]}}],"collection":[{"href":"https:\/\/ravnica.info\/arhiva\/index.php?rest_route=\/wp\/v2\/posts"}],"about":[{"href":"https:\/\/ravnica.info\/arhiva\/index.php?rest_route=\/wp\/v2\/types\/post"}],"author":[{"embeddable":true,"href":"https:\/\/ravnica.info\/arhiva\/index.php?rest_route=\/wp\/v2\/users\/1"}],"replies":[{"embeddable":true,"href":"https:\/\/ravnica.info\/arhiva\/index.php?rest_route=%2Fwp%2Fv2%2Fcomments&post=10625"}],"version-history":[{"count":0,"href":"https:\/\/ravnica.info\/arhiva\/index.php?rest_route=\/wp\/v2\/posts\/10625\/revisions"}],"wp:attachment":[{"href":"https:\/\/ravnica.info\/arhiva\/index.php?rest_route=%2Fwp%2Fv2%2Fmedia&parent=10625"}],"wp:term":[{"taxonomy":"category","embeddable":true,"href":"https:\/\/ravnica.info\/arhiva\/index.php?rest_route=%2Fwp%2Fv2%2Fcategories&post=10625"},{"taxonomy":"post_tag","embeddable":true,"href":"https:\/\/ravnica.info\/arhiva\/index.php?rest_route=%2Fwp%2Fv2%2Ftags&post=10625"}],"curies":[{"name":"wp","href":"https:\/\/api.w.org\/{rel}","templated":true}]}}