{"id":10601,"date":"2007-09-03T00:00:00","date_gmt":"2007-09-02T22:00:00","guid":{"rendered":"http:\/\/localhost\/ravnica\/2007\/09\/03\/kad-porastem-bicu-radnik\/"},"modified":"2007-09-03T00:00:00","modified_gmt":"2007-09-02T22:00:00","slug":"kad-porastem-bicu-radnik","status":"publish","type":"post","link":"https:\/\/ravnica.info\/arhiva\/?p=10601","title":{"rendered":"Kad porastem bi\u0107u &#8211; radnik"},"content":{"rendered":"<p style=\"text-align: justify;\"><strong>\u0110aci &#8211; prvaci prvi dan u \u0161kolskim klupama<\/strong><\/p>\n<p><!--more--><\/p>\n<div align=\"justify\">  <\/div>\n<div align=\"center\"><font size=\"2\"><span style=\"font-size: 10pt; font-family: Arial;\"><img loading=\"lazy\" decoding=\"async\" width=\"450\" height=\"338\" align=\"middle\" src=\"\/UserFiles\/Image\/Septembar2007vesti\/Prvaci.jpg\" alt=\"\" \/><br \/>\n<\/span><\/font><\/div>\n<p align=\"justify\" class=\"MsoNormal\" style=\"text-align: justify;\"><font size=\"2\"><span style=\"font-size: 10pt; font-family: Arial;\">\u00a0\u00a0\u00a0\u00a0\u00a0\u00a0\u00a0 Ju\u010de je \u0161kolsko zvono i u \u0160ajka\u0161u ozna\u010dilo po\u010detak nove \u0161kolske godine. U klupe su prvi put seli i \u0111aci-prvaci, koji su i ove godine u \u0160ajka\u0161u raspore\u0111eni u dva odeljenja. Vi\u0161e ih je nego pro\u0161le godine, ali ih je znatno manje nego pre tri-\u010detiri godine, do kada su u \u0160ajka\u0161u upisivana po tri odeljenja prva\u010di\u0107a. U\u010denike i njihove u\u010diteljice, Branislavu Drini\u0107 i Violetu Mi\u0161i\u0107, na prvom \u010dasu posetili su predsednik Skup\u0161tine op\u0161tine Titel, Milan Nastasi\u0107 i direktor Osnovne \u0161kole &#8220;Isidora Sekuli\u0107&#8220; u \u0160ajka\u0161u, Slavi\u0161a Jugovi\u0107. Predsednik Nastasi\u0107 je u\u010denicima i nastavnicima po\u017eeleo sre\u0107nu i uspe\u0161nu novu \u0161kolsku godinu istakav\u0161i da je za prva\u010di\u0107e ovo izuzetno va\u017ean dan u \u017eivotu, koji predstavlja po\u010detak \u0161kolovanja i ostvarivanja de\u010djih snova o budu\u0107em \u017eivotu i radu.<br \/>\n<span style=\"\">\u00a0\u00a0\u00a0\u00a0\u00a0\u00a0\u00a0\u00a0 <\/span>&#8211; \u017delim vam da \u0161to vi\u0161e steknete znanja u \u0161koli, a to mo\u017eete posti\u0107i samo ako budete vredni u \u0161koli, kod ku\u0107e i ako budete slu\u0161ali svoje u\u010ditelje i roditelje. Tako\u0111e \u017eelim da vam se ostvare svi va\u0161i snovi \u2013 rekao je Nastasi\u0107.<\/span><\/font><\/p>\n<div align=\"center\"><font size=\"2\"><span style=\"font-size: 10pt; font-family: Arial;\"><img loading=\"lazy\" decoding=\"async\" width=\"420\" height=\"315\" align=\"middle\" src=\"\/UserFiles\/Image\/Septembar2007vesti\/Nastasic-i-prvaci.jpg\" alt=\"\" \/><\/span><\/font><font size=\"2\"><span style=\"font-size: 10pt; font-family: Arial;\"><span style=\"\"><br \/>\n<\/span><\/span><\/font><\/div>\n<p align=\"justify\" class=\"MsoNormal\" style=\"text-align: justify;\"><font size=\"2\"><span style=\"font-size: 10pt; font-family: Arial;\"><span style=\"\">\u00a0\u00a0\u00a0\u00a0\u00a0\u00a0\u00a0\u00a0\u00a0 <\/span>Deca su gostima ve\u0107 na prvom \u010dasu pokazala \u0161ta sve znaju i umeju, ali i \u0161ta \u017eele da postanu i rade kad odrastu. Mnogi ve\u0107 znaju i da \u010ditaju, a me\u0111u njima je i Aleksandra Metiko\u0161 koja \u010dak pi\u0161e i pesme. Gorana Radi\u0107 bi \u017eelela da postane slikarka, a Stefan Blagojevi\u0107 bi voleo da radi u vojsci. \u017delja Natalije Radi\u0107 je da bude doktorica pa da le\u010di ljude, dok je nekoliko u\u010denika po\u017eelelo kad porastu da postanu \u2013 radnici!<\/span><\/font><\/p>\n<p><strong>Autor:<\/strong> Nikola D. Turajli\u0107<br \/>\n<strong>Datum:<\/strong> 03, 09, 2007.<\/p>\n","protected":false},"excerpt":{"rendered":"<p>\u0110aci &#8211; prvaci prvi dan u \u0161kolskim klupama<\/p>\n","protected":false},"author":1,"featured_media":0,"comment_status":"open","ping_status":"open","sticky":false,"template":"","format":"standard","meta":{"footnotes":""},"categories":[1],"tags":[],"class_list":["post-10601","post","type-post","status-publish","format-standard","hentry","category-nekategorizovano"],"_links":{"self":[{"href":"https:\/\/ravnica.info\/arhiva\/index.php?rest_route=\/wp\/v2\/posts\/10601","targetHints":{"allow":["GET"]}}],"collection":[{"href":"https:\/\/ravnica.info\/arhiva\/index.php?rest_route=\/wp\/v2\/posts"}],"about":[{"href":"https:\/\/ravnica.info\/arhiva\/index.php?rest_route=\/wp\/v2\/types\/post"}],"author":[{"embeddable":true,"href":"https:\/\/ravnica.info\/arhiva\/index.php?rest_route=\/wp\/v2\/users\/1"}],"replies":[{"embeddable":true,"href":"https:\/\/ravnica.info\/arhiva\/index.php?rest_route=%2Fwp%2Fv2%2Fcomments&post=10601"}],"version-history":[{"count":0,"href":"https:\/\/ravnica.info\/arhiva\/index.php?rest_route=\/wp\/v2\/posts\/10601\/revisions"}],"wp:attachment":[{"href":"https:\/\/ravnica.info\/arhiva\/index.php?rest_route=%2Fwp%2Fv2%2Fmedia&parent=10601"}],"wp:term":[{"taxonomy":"category","embeddable":true,"href":"https:\/\/ravnica.info\/arhiva\/index.php?rest_route=%2Fwp%2Fv2%2Fcategories&post=10601"},{"taxonomy":"post_tag","embeddable":true,"href":"https:\/\/ravnica.info\/arhiva\/index.php?rest_route=%2Fwp%2Fv2%2Ftags&post=10601"}],"curies":[{"name":"wp","href":"https:\/\/api.w.org\/{rel}","templated":true}]}}