{"id":10575,"date":"2007-06-28T00:00:00","date_gmt":"2007-06-27T22:00:00","guid":{"rendered":"http:\/\/localhost\/ravnica\/2007\/06\/28\/oboriti-studiju-i-ne-dozvoliti-eksploataciju-peska\/"},"modified":"2007-06-28T00:00:00","modified_gmt":"2007-06-27T22:00:00","slug":"oboriti-studiju-i-ne-dozvoliti-eksploataciju-peska","status":"publish","type":"post","link":"https:\/\/ravnica.info\/arhiva\/?p=10575","title":{"rendered":"Oboriti studiju i ne dozvoliti eksploataciju peska"},"content":{"rendered":"<p style=\"text-align: justify;\"><strong>Konferencija za novinare u Gardinovcima<\/strong><\/p>\n<p><!--more--><\/p>\n<p align=\"justify\" style=\"text-align: justify;\" class=\"MsoNormal\"><font size=\"2\"><span style=\"font-size: 10pt; font-family: Arial;\"><span style=\"\">\u00a0\u00a0\u00a0\u00a0\u00a0\u00a0\u00a0\u00a0\u00a0 <\/span>GARDINOVCI: Odbor za ekologiju Mesne zajednice Gardinovci, koji vodi akciju spre\u010davanja nameravane eksploatacije peska u sred plodne zemlje gardinova\u010dkog atara od strane &#8220;Res trejda&#8220; iz Novog Sada, odr\u017eao je u sredu, 27. juna, konferenciju za novinare. Konferenciji su prisustvovali Milivoj Petrovi\u0107, predsednik Op\u0161tine Titel, Stevan Ge\u010devski, op\u0161tinski na\u010delnik za privredu, jeromonah Nikanor, predstavnik manastira Kovilj te brojni gra\u0111ani Gardinovaca i ostalih naselja koji su svojim prisustvom dali podr\u0161ku Odboru.<\/span><\/font><\/p>\n<div align=\"center\"><img loading=\"lazy\" decoding=\"async\" width=\"420\" height=\"315\" align=\"middle\" alt=\"\" src=\"\/UserFiles\/Image\/Jun2007vesti\/Staro-iskopavanje.jpg\" \/><br \/>\n<span style=\"font-size: 10pt; font-family: Arial;\">Rupa iz koje je va\u0111en pesak povr\u0161ine od &#8220;samo&#8220; pola hektara<\/span><\/div>\n<p align=\"justify\" style=\"text-align: justify;\" class=\"MsoNormal\"><font size=\"2\"><span style=\"font-size: 10pt; font-family: Arial;\"> <o:p><\/o:p><\/span><\/font><\/p>\n<div align=\"justify\">  <\/div>\n<p align=\"justify\" style=\"text-align: justify;\" class=\"MsoNormal\"><font size=\"2\"><span style=\"font-size: 10pt; font-family: Arial;\"><span style=\"\">\u00a0\u00a0\u00a0\u00a0\u00a0\u00a0\u00a0\u00a0\u00a0 <\/span>Vladimir Markovi\u0107, predsednik Odbora za ekologiju i Lova\u010dkog dru\u0161tva &#8220;Zec&#8220;, upoznao je prisutne sa problemima oko namere &#8220;Res trejda&#8220; da eksploati\u0161e pesak na gotovo 95 hektara plodne zemlje (druga i tre\u0107a klasa) i ukazao na posledice koje iz toga mogu proiste\u0107i. Stav je Odbora da Gardinov\u010dani ni po koju cenu ne\u0107e dozvoliti eksploataciju peska u svom ataru. <o:p><\/o:p><\/span><\/font><\/p>\n<div align=\"justify\">  <\/div>\n<p align=\"justify\" style=\"text-align: justify;\" class=\"MsoNormal\"><font size=\"2\"><span style=\"font-size: 10pt; font-family: Arial;\"><span style=\"\">\u00a0\u00a0\u00a0\u00a0\u00a0\u00a0\u00a0\u00a0\u00a0 <\/span>Najdetaljniju analizu Studije za eksploataciju peska i njenom uticaju na \u017eivotnu sredinu, koju je za &#8220;Res trejd&#8220; uradio Institut za preventivu iz Novog Sada, dao je Milorad Jovan\u010devi\u0107, op\u0161tinski delegat iz \u0160ajka\u0161a. On je na osnovu niza citiranih<span style=\"\">\u00a0 <\/span>nelogi\u010dnosti i gre\u0161aka Studiju nazvao &#8220;skandaloznom&#8220;, tvrde\u0107i da oni koji su je pisali nisu ni bili na terenu. Ona je, prema Jovan\u010devi\u0107u, ra\u0111ena u prepisiva\u010dkom stilu kombinuju\u0107i delove vi\u0161e razli\u010ditih studija, \u0161to ne bi pro\u0161lo ni kao seminarski studentski rad. Zato Studiju ne\u0107e biti te\u0161ko oboriti, a onima koji su je radili treba oduzeti licencu, \u0161to je stav i Ekolo\u0161kog pokreta grada Novog Sada.<span style=\"\"> <br \/>\n<\/span><\/span><\/font><\/p>\n<div align=\"center\"><img loading=\"lazy\" decoding=\"async\" width=\"420\" height=\"315\" align=\"middle\" alt=\"\" src=\"\/UserFiles\/Image\/Jun2007vesti\/mesto-gde-treba-da-se-iskop.jpg\" \/><br \/>\n<span style=\"font-size: 10pt; font-family: Arial;\">Sto hektara oranice na kojoj planiraju va\u0111enje peska<\/span><\/div>\n<p align=\"justify\" style=\"text-align: justify;\" class=\"MsoNormal\"><font size=\"2\"><span style=\"font-size: 10pt; font-family: Arial;\"><span style=\"\"> <\/span><o:p><\/o:p><\/span><\/font><\/p>\n<div align=\"justify\">  <\/div>\n<p align=\"justify\" style=\"text-align: justify;\" class=\"MsoNormal\"><font size=\"2\"><span style=\"font-size: 10pt; font-family: Arial;\"><span style=\"\">\u00a0\u00a0\u00a0\u00a0\u00a0\u00a0\u00a0\u00a0\u00a0 <\/span>Prema jeromonahu Nikanoru, ovakve ogromne rupe povr\u0161ine skoro sto hektara, dubine od pet do sedam metara, u sred plodnog zemlji\u0161ta, nema nigde u Vojvodini. Ona bi stvorila brojne probleme \u017eiteljima okolnih naselja i samom manastiru. Posebno bi bila ugro\u017eena kapela sv. Petke sa \u010duvenim hrastom koja se nalazi uz sam put kojim bi prolazila te\u0161ka teretna vozila a koja je simbol Kovilja i manastira kao i sama manastirska zdanja \u010diji tragovi datiraju jo\u0161 iz dvanaestog veka. Oni koji su ponudili ovakvu Studiju su totalno neozbiljni i zato im ne bi trebalo dozvoliti da ostvare svoje namere. <o:p><\/o:p><\/span><\/font><\/p>\n<div align=\"justify\">  <\/div>\n<p align=\"justify\" style=\"text-align: justify;\" class=\"MsoNormal\"><font size=\"2\"><span style=\"font-size: 10pt; font-family: Arial;\"><span style=\"\">\u00a0\u00a0\u00a0\u00a0\u00a0\u00a0\u00a0\u00a0\u00a0 <\/span>Milivoj Petrovi\u0107 tvrdi da mu nije poznato da je Studija stigla u Op\u0161tinu te da je zato nisu mogli dati javnosti na uvid. Po\u0161to je protekle sedmice bio na slu\u017ebenom putu u inostranstvu, nije mogao da prisustvuje skupovima koje je organizovao Odbor. Predlo\u017eio je predsedniku Odbora da odabere nekoliko \u010dlanova koji bi, u koordinaciji s njim, obi\u0161li vi\u0161e instance pokrajinske i republi\u010dke vlasti i intervenisali na klju\u010dnim mestima. <o:p><\/o:p><\/span><\/font><\/p>\n<div align=\"justify\">  <\/div>\n<p align=\"justify\" style=\"text-align: justify;\" class=\"MsoNormal\"><font size=\"2\"><span style=\"font-size: 10pt; font-family: Arial;\"><span style=\"\">\u00a0\u00a0\u00a0\u00a0\u00a0\u00a0\u00a0\u00a0\u00a0 <\/span>Gardinov\u010dani pripremaju i peticiju protiv eksploatacije peska. Od 850 punoletnih me\u0161tana ovog sela peticiju je do sada potpisalo njih 670, a me\u0111u njima je i potpis Milivoja Petrovi\u0107a, predsednika Op\u0161tine. <o:p><\/o:p><\/span><\/font><\/p>\n<div align=\"justify\">  <font size=\"2\"><span style=\"font-size: 10pt; font-family: Arial;\"><span style=\"\">\u00a0\u00a0\u00a0\u00a0\u00a0\u00a0\u00a0\u00a0\u00a0 <\/span>Prigovori na Studiju se u produ\u017eenom roku primaju do 1. avgusta, a javna rasprava \u0107e se odr\u017eati 2. avgusta 2007. godine u prostorijama Pokrajinskog sekretarijata za ekologiju i odr\u017eivi razvoj u Novom Sadu. <\/span><\/font><\/div>\n<p><strong>Autor:<\/strong> Nikola D. Turajli\u0107<br \/>\n<strong>Datum:<\/strong> 28, 06, 2007.<\/p>\n","protected":false},"excerpt":{"rendered":"<p>Konferencija za novinare u Gardinovcima<\/p>\n","protected":false},"author":1,"featured_media":0,"comment_status":"open","ping_status":"open","sticky":false,"template":"","format":"standard","meta":{"footnotes":""},"categories":[1],"tags":[],"class_list":["post-10575","post","type-post","status-publish","format-standard","hentry","category-nekategorizovano"],"_links":{"self":[{"href":"https:\/\/ravnica.info\/arhiva\/index.php?rest_route=\/wp\/v2\/posts\/10575","targetHints":{"allow":["GET"]}}],"collection":[{"href":"https:\/\/ravnica.info\/arhiva\/index.php?rest_route=\/wp\/v2\/posts"}],"about":[{"href":"https:\/\/ravnica.info\/arhiva\/index.php?rest_route=\/wp\/v2\/types\/post"}],"author":[{"embeddable":true,"href":"https:\/\/ravnica.info\/arhiva\/index.php?rest_route=\/wp\/v2\/users\/1"}],"replies":[{"embeddable":true,"href":"https:\/\/ravnica.info\/arhiva\/index.php?rest_route=%2Fwp%2Fv2%2Fcomments&post=10575"}],"version-history":[{"count":0,"href":"https:\/\/ravnica.info\/arhiva\/index.php?rest_route=\/wp\/v2\/posts\/10575\/revisions"}],"wp:attachment":[{"href":"https:\/\/ravnica.info\/arhiva\/index.php?rest_route=%2Fwp%2Fv2%2Fmedia&parent=10575"}],"wp:term":[{"taxonomy":"category","embeddable":true,"href":"https:\/\/ravnica.info\/arhiva\/index.php?rest_route=%2Fwp%2Fv2%2Fcategories&post=10575"},{"taxonomy":"post_tag","embeddable":true,"href":"https:\/\/ravnica.info\/arhiva\/index.php?rest_route=%2Fwp%2Fv2%2Ftags&post=10575"}],"curies":[{"name":"wp","href":"https:\/\/api.w.org\/{rel}","templated":true}]}}