{"id":10573,"date":"2007-06-27T00:00:00","date_gmt":"2007-06-26T22:00:00","guid":{"rendered":"http:\/\/localhost\/ravnica\/2007\/06\/27\/jovana-vesic-i-tatjana-radulovic-djaci-generacije\/"},"modified":"2007-06-27T00:00:00","modified_gmt":"2007-06-26T22:00:00","slug":"jovana-vesic-i-tatjana-radulovic-djaci-generacije","status":"publish","type":"post","link":"https:\/\/ravnica.info\/arhiva\/?p=10573","title":{"rendered":"Jovana Vesi\u0107 i Tatjana Radulovi\u0107 \u0111aci generacije"},"content":{"rendered":"<p style=\"text-align: justify;\"><strong>Hol Osnovne \u0161kole bude pretesan da primi sve roditelje, bake i deke, ali i brojne znati\u017eeljnike kada se titelski osmaci opra\u0161taju sa ovom fazom \u0161kolovanja. Tako je bilo i ove godine.<\/strong><\/p>\n<p><!--more--><\/p>\n<p align=\"center\" class=\"MsoNormal\"><font size=\"2\"><span style=\"font-family: Arial;\"><img loading=\"lazy\" decoding=\"async\" width=\"420\" height=\"315\" align=\"middle\" alt=\"\" src=\"\/UserFiles\/Image\/Jun2007vesti\/mali-maturanti.jpg\" \/><br \/>\n<\/span><\/font><\/p>\n<p align=\"justify\" class=\"MsoNormal\"><font size=\"2\"><span style=\"font-family: Arial;\">\u00a0\u00a0\u00a0\u00a0\u00a0\u00a0\u00a0 Prisutne je prigodnim re\u010dima pozdravio direktor \u0161kole Laza Paro\u0161ki, a sa ovom generacijom oprostila se, u ime razredih stare\u0161ina, Bo\u017eena Glava\u0161ki razredni stare\u0161ina osmacima iz Loka.<\/span><\/font><\/p>\n<div align=\"center\"><img loading=\"lazy\" decoding=\"async\" width=\"420\" height=\"315\" align=\"middle\" alt=\"\" src=\"\/UserFiles\/Image\/Jun2007vesti\/pevali-su-maturanti.jpg\" \/><\/div>\n<p align=\"justify\" class=\"MsoNormal\"><font size=\"2\"><span style=\"font-family: Arial;\"> <o:p><\/o:p><\/span><\/font><\/p>\n<div align=\"justify\">  <\/div>\n<p align=\"justify\" class=\"MsoNormal\"><font size=\"2\"><span style=\"font-family: Arial;\">\u00a0\u00a0\u00a0\u00a0\u00a0\u00a0\u00a0 Osmaci su se, ovaj put pesmom, zabavnog karaktera oprostili sa \u0161kolom. Po\u010deli su sa \u00bbMolitvom\u00ab da bi na kraju zajedni\u010dki zapevali &#8222;Za ona stara dobra vremena&#8220;.<\/span><\/font><\/p>\n<div align=\"center\"><img loading=\"lazy\" decoding=\"async\" width=\"420\" height=\"315\" align=\"middle\" alt=\"\" src=\"\/UserFiles\/Image\/Jun2007vesti\/Jovana-i-Tatjana.jpg\" \/><\/div>\n<p align=\"justify\" class=\"MsoNormal\"><font size=\"2\"><span style=\"font-family: Arial;\"><o:p><\/o:p><\/span><\/font><\/p>\n<div align=\"justify\">  <\/div>\n<div align=\"justify\">  <\/div>\n<p align=\"justify\" class=\"MsoNormal\"><font size=\"2\"><span style=\"font-family: Arial;\">\u00a0\u00a0\u00a0\u00a0\u00a0\u00a0\u00a0 Zatim su progla\u0161eni najbolji. U\u010denici generacije su Jovana Vesi\u0107 iz Loka i Tatjana Radulovi\u0107 iz Titela Osim njih nosioci Vukove diplome su Danilo Pani\u0107, Milica Savi\u010di\u0107, Vladislava Cvetkovi\u0107, Du\u0161ica Ro\u0161ulj, Marijana Brzi\u0107, Tatjana Petkovi\u0107, Ivana Kne\u017eevi\u0107 i<span style=\"\">\u00a0 <\/span>Milena Atanaskovi\u0107.<span style=\"\"><\/span><br \/>\n\u00a0\u00a0\u00a0\u00a0\u00a0\u00a0\u00a0 Zorica Vuki\u010devi\u0107, Jovan Vla\u0161ki, Miodrag Gvozdenac, Goran Vukov, Bojana Rodi\u0107, Mladen Stoj\u010di\u0107, Predrag Benkovi\u0107, Tijana Petrovi\u0107, Zorica Stoji\u010di\u0107, Kristina Vasi\u0107, Darko Milosavljevi\u0107, Vesna Pani\u0107, Dejana Miljkovi\u0107, Ljubinka Bugarin, Sne\u017eana Pe\u0161i\u0107 i Ljiljana Stoj\u0161i\u0107 su dobili pohvale, a specijalne diplome dobili su Jovan Vla\u0161ki, Stefan \u0110erfi, Dragan Stokin, Strahinja Male\u0161, Miodrag Gvozdenac, Milo\u0161 Jovi\u010di\u0107, Slobodan Ban\u010devi\u0107, Goran Vukov, Darko Kuzmanov, Du\u0161an Male\u0161 , Milana Mili\u0161i\u0107, Bojana Rodi\u0107, Zorana Trnini\u0107, Vladimir Vla\u0161ki, Predrag Benkovi\u0107, Milo\u0161 Vukovi\u0107, Damir Laganin, Darko Laganin, Tijana Petrovi\u0107, Alen Di\u0161piter, Danijela Mari\u0107, Zvezdana \u010corto, Vesna Pani\u0107 i Ivana Blagaj.<br \/>\n\u00a0\u00a0\u00a0\u00a0\u00a0\u00a0\u00a0 <\/span><\/font><font size=\"2\"><span style=\"font-size: 10pt; font-family: Arial;\">Direktor \u0161kole je za roditelje vukovaca priredio prijem, a osmaci su do ranih jutarnjih sati sa nastavnicima u hotelu &#8222;Tisa&#8220; proslavili malu maturu.<\/span><\/font><\/p>\n<p align=\"center\" class=\"MsoNormal\"><font size=\"2\"><span style=\"font-size: 10pt; font-family: Arial;\"><img loading=\"lazy\" decoding=\"async\" width=\"420\" height=\"315\" align=\"middle\" alt=\"\" src=\"\/UserFiles\/Image\/Jun2007vesti\/prijem-za-roditelje-vukovac.jpg\" \/><br \/>\n<\/span><\/font><\/p>\n<p><strong>Autor:<\/strong> Du\u0161anka Buva\u010d<br \/>\n<strong>Datum:<\/strong> 27, 06, 2007.<\/p>\n","protected":false},"excerpt":{"rendered":"<p>Hol Osnovne \u0161kole bude pretesan da primi sve roditelje, bake i deke, ali i brojne znati\u017eeljnike kada se titelski osmaci opra\u0161taju sa ovom fazom \u0161kolovanja. Tako je bilo i ove godine.<\/p>\n","protected":false},"author":1,"featured_media":0,"comment_status":"open","ping_status":"open","sticky":false,"template":"","format":"standard","meta":{"footnotes":""},"categories":[1],"tags":[],"class_list":["post-10573","post","type-post","status-publish","format-standard","hentry","category-nekategorizovano"],"_links":{"self":[{"href":"https:\/\/ravnica.info\/arhiva\/index.php?rest_route=\/wp\/v2\/posts\/10573","targetHints":{"allow":["GET"]}}],"collection":[{"href":"https:\/\/ravnica.info\/arhiva\/index.php?rest_route=\/wp\/v2\/posts"}],"about":[{"href":"https:\/\/ravnica.info\/arhiva\/index.php?rest_route=\/wp\/v2\/types\/post"}],"author":[{"embeddable":true,"href":"https:\/\/ravnica.info\/arhiva\/index.php?rest_route=\/wp\/v2\/users\/1"}],"replies":[{"embeddable":true,"href":"https:\/\/ravnica.info\/arhiva\/index.php?rest_route=%2Fwp%2Fv2%2Fcomments&post=10573"}],"version-history":[{"count":0,"href":"https:\/\/ravnica.info\/arhiva\/index.php?rest_route=\/wp\/v2\/posts\/10573\/revisions"}],"wp:attachment":[{"href":"https:\/\/ravnica.info\/arhiva\/index.php?rest_route=%2Fwp%2Fv2%2Fmedia&parent=10573"}],"wp:term":[{"taxonomy":"category","embeddable":true,"href":"https:\/\/ravnica.info\/arhiva\/index.php?rest_route=%2Fwp%2Fv2%2Fcategories&post=10573"},{"taxonomy":"post_tag","embeddable":true,"href":"https:\/\/ravnica.info\/arhiva\/index.php?rest_route=%2Fwp%2Fv2%2Ftags&post=10573"}],"curies":[{"name":"wp","href":"https:\/\/api.w.org\/{rel}","templated":true}]}}