{"id":10565,"date":"2007-06-22T00:00:00","date_gmt":"2007-06-21T22:00:00","guid":{"rendered":"http:\/\/localhost\/ravnica\/2007\/06\/22\/podigli-ekolosku-svest-svog-mesta\/"},"modified":"2007-06-22T00:00:00","modified_gmt":"2007-06-21T22:00:00","slug":"podigli-ekolosku-svest-svog-mesta","status":"publish","type":"post","link":"https:\/\/ravnica.info\/arhiva\/?p=10565","title":{"rendered":"Podigli ekolo\u0161ku svest svog mesta"},"content":{"rendered":"<p style=\"text-align: justify;\"><strong>Natalija Bo\u0161kovi\u0107 i Ana Mari\u0107, u\u010denici O\u0160 &#8222;\u0110ura Jak\u0161i\u0107&#8220; pobednice su literarno likovnog konkursa &#8222;Moje selo \u010disto i zeleno&#8220; u organizaciji Ekolo\u0161kog dru\u0161tva &#8222;Carska bara&#8220; iz Perleza.<\/strong><\/p>\n<p><!--more--><\/p>\n<div align=\"justify\">  <\/div>\n<div align=\"center\"><font size=\"2\"><span style=\"font-family: Arial;\"><img loading=\"lazy\" decoding=\"async\" width=\"420\" height=\"315\" align=\"middle\" src=\"\/UserFiles\/Image\/Jun2007vesti\/deca-pored-izlozenih-radova.jpg\" alt=\"\" \/><br \/>\n<\/span><\/font><\/div>\n<p align=\"justify\" class=\"MsoNormal\"><font size=\"2\"><span style=\"font-family: Arial;\">\u00a0\u00a0\u00a0\u00a0\u00a0\u00a0\u00a0 &#8211; Iako radimo samo tri godine mo\u017eemo se pohvaliti konkretnim rezultatima. Selo je daleko \u010distije, zelenije, jer svakog prole\u0107a i jeseni ozelenjavamo mesto i okolinu, daleko je manje divljih deponija, postavili smo klupe uz obalu Begeja, ekolo\u0161ke table, ponosno pri\u010da Ranka Miri\u0107 Ra\u0161eta, predsednica Dru\u0161tva.<\/span><\/font><\/p>\n<div align=\"center\"><font size=\"2\"><span style=\"font-family: Arial;\"><img loading=\"lazy\" decoding=\"async\" width=\"420\" height=\"315\" align=\"middle\" src=\"\/UserFiles\/Image\/Jun2007vesti\/organuzatori-sa-pobednicima.jpg\" alt=\"\" \/><br \/>\n<\/span><\/font><\/p>\n<div align=\"justify\"><font size=\"2\"><span style=\"font-family: Arial;\"> \u00a0\u00a0\u00a0\u00a0\u00a0\u00a0\u00a0 Podtema tre\u0107eg konkursa bila je borba protiv narkomanije, a predava\u010di su bili predstavnici specijalnog odeljenja za borbu protiv bolesti zavisnosti i Centra za socijalni rad iz Zrenjanina.<br \/>\n<\/span><\/font><\/p>\n<div align=\"center\"><font size=\"2\"><span style=\"font-family: Arial;\"><img loading=\"lazy\" decoding=\"async\" width=\"420\" height=\"315\" align=\"middle\" src=\"\/UserFiles\/Image\/Jun2007vesti\/predstavnici-policije-Perle.jpg\" alt=\"\" \/><\/span><\/font><font size=\"2\"><span style=\"font-family: Arial;\"><\/span><\/font><\/div>\n<\/div>\n<\/div>\n<div><font size=\"2\"><span style=\"font-family: Arial;\"><\/span><\/font><\/div>\n<p align=\"justify\" class=\"MsoNormal\"><font size=\"2\"><span style=\"font-family: Arial;\"> \u00a0\u00a0\u00a0\u00a0\u00a0\u00a0\u00a0 <\/span><\/font><font size=\"2\"><span style=\"font-size: 10pt; font-family: Arial;\">Perle\u0161ki ekolozi se uveliko spremaju za narednu manifestaciju, &#8222;Suncokretijadu&#8220; u prvoj polovini avgusta. <\/span><\/font><\/p>\n<p><strong>Autor:<\/strong> Du\u0161anka Buva\u010d<br \/>\n<strong>Datum:<\/strong> 22, 06, 2007.<\/p>\n","protected":false},"excerpt":{"rendered":"<p>Natalija Bo\u0161kovi\u0107 i Ana Mari\u0107, u\u010denici O\u0160 &#8222;\u0110ura Jak\u0161i\u0107&#8220; pobednice su literarno likovnog konkursa &#8222;Moje selo \u010disto i zeleno&#8220; u organizaciji Ekolo\u0161kog dru\u0161tva &#8222;Carska bara&#8220; iz Perleza.<\/p>\n","protected":false},"author":1,"featured_media":0,"comment_status":"open","ping_status":"open","sticky":false,"template":"","format":"standard","meta":{"footnotes":""},"categories":[1],"tags":[],"class_list":["post-10565","post","type-post","status-publish","format-standard","hentry","category-nekategorizovano"],"_links":{"self":[{"href":"https:\/\/ravnica.info\/arhiva\/index.php?rest_route=\/wp\/v2\/posts\/10565","targetHints":{"allow":["GET"]}}],"collection":[{"href":"https:\/\/ravnica.info\/arhiva\/index.php?rest_route=\/wp\/v2\/posts"}],"about":[{"href":"https:\/\/ravnica.info\/arhiva\/index.php?rest_route=\/wp\/v2\/types\/post"}],"author":[{"embeddable":true,"href":"https:\/\/ravnica.info\/arhiva\/index.php?rest_route=\/wp\/v2\/users\/1"}],"replies":[{"embeddable":true,"href":"https:\/\/ravnica.info\/arhiva\/index.php?rest_route=%2Fwp%2Fv2%2Fcomments&post=10565"}],"version-history":[{"count":0,"href":"https:\/\/ravnica.info\/arhiva\/index.php?rest_route=\/wp\/v2\/posts\/10565\/revisions"}],"wp:attachment":[{"href":"https:\/\/ravnica.info\/arhiva\/index.php?rest_route=%2Fwp%2Fv2%2Fmedia&parent=10565"}],"wp:term":[{"taxonomy":"category","embeddable":true,"href":"https:\/\/ravnica.info\/arhiva\/index.php?rest_route=%2Fwp%2Fv2%2Fcategories&post=10565"},{"taxonomy":"post_tag","embeddable":true,"href":"https:\/\/ravnica.info\/arhiva\/index.php?rest_route=%2Fwp%2Fv2%2Ftags&post=10565"}],"curies":[{"name":"wp","href":"https:\/\/api.w.org\/{rel}","templated":true}]}}