{"id":10564,"date":"2007-06-22T00:00:00","date_gmt":"2007-06-21T22:00:00","guid":{"rendered":"http:\/\/localhost\/ravnica\/2007\/06\/22\/posle-krakova-u-titelu\/"},"modified":"2007-06-22T00:00:00","modified_gmt":"2007-06-21T22:00:00","slug":"posle-krakova-u-titelu","status":"publish","type":"post","link":"https:\/\/ravnica.info\/arhiva\/?p=10564","title":{"rendered":"Posle Krakova u Titelu"},"content":{"rendered":"<p style=\"text-align: justify;\"><strong>Vuka\u0161in Lazovi\u0107, direktor gimnazije &#8222;Laza Kosti\u0107&#8220;iz Novog Sada i  profesor knji\u017eevnosti na osnovu dela Du\u0161ana Kova\u010devi\u0107a priredio je i re\u017eirao predstavu pod nazivom &#8222;Klaustrofobi\u010dna komedija&#8220;.<\/strong><\/p>\n<p><!--more--><\/p>\n<div align=\"justify\">  <\/div>\n<div align=\"justify\">  <\/div>\n<div align=\"center\"><font size=\"2\"><span style=\"font-size: 10pt; font-family: Arial;\"><img loading=\"lazy\" decoding=\"async\" width=\"420\" height=\"315\" align=\"middle\" src=\"\/UserFiles\/Image\/Jun2007vesti\/scena-iz-predstave.jpg\" alt=\"\" \/><\/span><\/font><font size=\"2\"><span style=\"font-family: Arial;\"><\/span><\/font><\/div>\n<p align=\"justify\" class=\"MsoNormal\"><font size=\"2\"><span style=\"font-family: Arial;\"><img loading=\"lazy\" decoding=\"async\" width=\"175\" height=\"130\" align=\"left\" src=\"\/UserFiles\/Image\/Jun2007vesti\/balerina-i-Sava-odzacar.jpg\" alt=\"\" \/><\/span><\/font><font size=\"2\"><span style=\"font-family: Arial;\">\u00a0\u00a0\u00a0\u00a0\u00a0\u00a0\u00a0 Ovu interesantnu postavku imala je priliku da vidi i brojna titelska<span style=\"\">\u00a0 <\/span>publik<\/span><\/font><font size=\"2\"><span style=\"font-size: 10pt; font-family: Arial;\"><\/span><\/font><font size=\"2\"><span style=\"font-family: Arial;\">a koja je dugo uskra\u0107ena za pozori\u0161nu<span style=\"\">\u00a0 <\/span>predstavu.<br \/>\n\u00a0\u00a0\u00a0\u00a0\u00a0\u00a0\u00a0\u00a0 Publika je u\u017eivala u dobroj glumi novosadskih gimnazijalaca. Odli\u010dne kreacije pru\u017eili su maturanti Radi\u0161a Rok u ulozi Save od\u017ea\u010dara, Du\u0161an Mamula kao Teja, Bojan Kolopi\u0107 kao Jago\u0161, lik milicionara<\/span><\/font><font size=\"2\"><span style=\"font-size: 10pt; font-family: Arial;\"><\/span><\/font><font size=\"2\"><span style=\"font-family: Arial;\"> Vuleta izneo je Milan Predojevi\u0107, <\/span><\/font><font size=\"2\"><span style=\"font-family: Arial;\"><\/span><\/font><font size=\"2\"><span style=\"font-family: Arial;\">dok su dobre kreacije dale Ivana \u0160e\u0107erov u liku Vesele i Milica Kurjakov kao<span style=\"\">\u00a0 <\/span>balerina.<br \/>\n<\/span><\/font><font size=\"2\"><span style=\"font-family: Arial;\"><img loading=\"lazy\" decoding=\"async\" width=\"179\" height=\"134\" align=\"right\" src=\"\/UserFiles\/Image\/Jun2007vesti\/Vesela-Jagos-i-Teja.jpg\" alt=\"\" \/><\/span><\/font><font size=\"2\"><span style=\"font-family: Arial;\"> \u00a0\u00a0\u00a0\u00a0\u00a0\u00a0 <\/span><\/font><font size=\"2\"><span style=\"font-family: Arial;\"><\/span><\/font><font size=\"2\"><span style=\"font-family: Arial;\"> <\/span><\/font><font size=\"2\"><span style=\"font-family: Arial;\"><\/span><\/font><font size=\"2\"><span style=\"font-family: Arial;\">&#8211; Pri gimnaziji &#8222;Laza Kosti\u0107&#8220; deluje pozori\u0161na sekcija koliko postoji i \u0161kola &#8211; 10 godina. Do sada smo<span style=\"\">\u00a0 <\/span>pripremili sedam predst<\/span><\/font><font size=\"2\"><span style=\"font-family: Arial;\"><\/span><\/font><font size=\"2\"><span style=\"font-family: Arial;\">ava. &#8222;Klaustrofobi\u010dna komedija&#8220; je<span style=\"\">\u00a0 <\/span>premijerno izvedena u Novom Sadu 4. juna. Gostovali smo nakon toga, u Poljskoj u Krakovu na katedri za slavistiku. U Titelu nam je tre\u0107i nastup, a uskoro \u0107emo se<span style=\"\">\u00a0 <\/span>predstaviti u Petrogradu na festivalu srednjo\u0161kolsko-omladinskih ansambala, pri\u010da Vuka\u0161in Lazovi\u0107.<br \/>\n\u00a0\u00a0\u00a0\u00a0\u00a0\u00a0\u00a0 <\/span><\/font><font size=\"2\"><span style=\"font-size: 10pt; font-family: Arial;\">Sve njihove predstave izvo\u0111enje su po dvadesetak puta.<\/span><\/font><\/p>\n<p align=\"center\" class=\"MsoNormal\"><font size=\"2\"><span style=\"font-family: Arial;\"><img loading=\"lazy\" decoding=\"async\" width=\"420\" height=\"315\" align=\"middle\" src=\"\/UserFiles\/Image\/Jun2007vesti\/akteri-predstave.jpg\" alt=\"\" \/><\/span><\/font><\/p>\n<p><strong>Autor:<\/strong> Du\u0161anka Buva\u010d<br \/>\n<strong>Datum:<\/strong> 22, 06, 2007.<\/p>\n","protected":false},"excerpt":{"rendered":"<p>Vuka\u0161in Lazovi\u0107, direktor gimnazije &#8222;Laza Kosti\u0107&#8220;iz Novog Sada i  profesor knji\u017eevnosti na osnovu dela Du\u0161ana Kova\u010devi\u0107a priredio je i re\u017eirao predstavu pod nazivom &#8222;Klaustrofobi\u010dna komedija&#8220;.<\/p>\n","protected":false},"author":1,"featured_media":0,"comment_status":"open","ping_status":"open","sticky":false,"template":"","format":"standard","meta":{"footnotes":""},"categories":[1],"tags":[],"class_list":["post-10564","post","type-post","status-publish","format-standard","hentry","category-nekategorizovano"],"_links":{"self":[{"href":"https:\/\/ravnica.info\/arhiva\/index.php?rest_route=\/wp\/v2\/posts\/10564","targetHints":{"allow":["GET"]}}],"collection":[{"href":"https:\/\/ravnica.info\/arhiva\/index.php?rest_route=\/wp\/v2\/posts"}],"about":[{"href":"https:\/\/ravnica.info\/arhiva\/index.php?rest_route=\/wp\/v2\/types\/post"}],"author":[{"embeddable":true,"href":"https:\/\/ravnica.info\/arhiva\/index.php?rest_route=\/wp\/v2\/users\/1"}],"replies":[{"embeddable":true,"href":"https:\/\/ravnica.info\/arhiva\/index.php?rest_route=%2Fwp%2Fv2%2Fcomments&post=10564"}],"version-history":[{"count":0,"href":"https:\/\/ravnica.info\/arhiva\/index.php?rest_route=\/wp\/v2\/posts\/10564\/revisions"}],"wp:attachment":[{"href":"https:\/\/ravnica.info\/arhiva\/index.php?rest_route=%2Fwp%2Fv2%2Fmedia&parent=10564"}],"wp:term":[{"taxonomy":"category","embeddable":true,"href":"https:\/\/ravnica.info\/arhiva\/index.php?rest_route=%2Fwp%2Fv2%2Fcategories&post=10564"},{"taxonomy":"post_tag","embeddable":true,"href":"https:\/\/ravnica.info\/arhiva\/index.php?rest_route=%2Fwp%2Fv2%2Ftags&post=10564"}],"curies":[{"name":"wp","href":"https:\/\/api.w.org\/{rel}","templated":true}]}}