{"id":10563,"date":"2007-06-21T00:00:00","date_gmt":"2007-06-20T22:00:00","guid":{"rendered":"http:\/\/localhost\/ravnica\/2007\/06\/21\/pa-pa-pdv\/"},"modified":"2007-06-21T00:00:00","modified_gmt":"2007-06-20T22:00:00","slug":"pa-pa-pdv","status":"publish","type":"post","link":"https:\/\/ravnica.info\/arhiva\/?p=10563","title":{"rendered":"Pa &#8211; pa PDV!"},"content":{"rendered":"<p style=\"text-align: justify;\"><strong>Peticija za ukidanje PDV-a na hranu, ode\u0107u i opremu za bebe<\/strong><\/p>\n<p><!--more--><\/p>\n<p align=\"justify\" class=\"MsoNormal\"><font size=\"2\"><span lang=\"EN-US\" style=\"font-size: 10pt; font-family: Arial;\">\u00a0\u00a0\u00a0\u00a0\u00a0\u00a0\u00a0 U organizaciji Saveza zdravstvenih radnika Vojvodine, 21. juna od 11-17 \u010dasova<\/span><\/font>\u00a0  <span lang=\"EN-US\" style=\"font-size: 10pt; font-family: Arial;\">na Paradnom trgu u Titelu, a po mestima titelski op\u0161tine u ambulantama prikupljali su se potpisi za Peticiju za ukidanje PDV-a na hranu, ode\u0107u i opremu za bebe. <\/span><font size=\"2\"><span style=\"font-size: 10pt; font-family: Arial;\">U 25 gradova tokom ju\u010dera\u0161njeg dana prikupljeno je 23 000 potpisa, a potrebno je jo\u0161 7000 da bi inicijativa u\u0161la u skup\u0161tinsku proceduru.<\/span><\/font><span lang=\"EN-US\" style=\"font-size: 10pt; font-family: Arial;\"><\/span>\n<\/p>\n<div align=\"justify\"><font size=\"2\">\u00a0\u00a0\u00a0\u00a0\u00a0\u00a0\u00a0 Prenosimo poziv sa portala Bebac.com<\/font><\/p>\n<p><font size=\"2\"><img loading=\"lazy\" decoding=\"async\" width=\"130\" height=\"97\" border=\"0\" align=\"left\" alt=\"\" src=\"\/UserFiles\/Image\/Jun2007vesti\/bebac.jpg\" class=\"Thumb\" \/><\/font> \t\t \t\t<\/div>\n<p><font size=\"2\"><strong>Pa &#8211; pa PDV!<\/strong><\/font><\/p>\n<div align=\"justify\"> \t\t \t\t  <font size=\"2\"><span class=\"podpis\"><em>10:11 18.06.2007.<\/em> \/ Izvor: Bebac.com<\/span><\/font>\n<\/div>\n<p align=\"justify\"><font size=\"2\">\u00a0\u00a0\u00a0\u00a0\u00a0\u00a0\u00a0 Roditeljski portal Bebac.com u saradnji sa nevladinim organizacijama pokre\u0107e akciju prikupljanja potpisa za ukidanje PDV-a na hranu, ode\u0107u i opremu za bebe.<br \/>\n\u00a0\u00a0\u00a0\u00a0\u00a0\u00a0\u00a0 Aktivisti Bebac.com \u0107e od srede 20. juna iza\u0107i na ulice 20 gradova u Srbiji sa ciljem da prikupe 30.000 potpisa gra\u0111ana, neophodnih za izmenu Zakona o PDV-u.<br \/>\n\u00a0\u00a0\u00a0\u00a0\u00a0\u00a0\u00a0 Ve\u010dito predizborno obe\u0107anje o ukidanju \u201eBebi PDVa\u201c ponovo je nakon zavr\u0161etka izbora zaboravljeno od strane zakonodavaca te smo prinu\u0111eni da se vaninstitucionalno borimo za na\u0161a roditeljska prava, kao i prava na\u0161ih beba.<br \/>\n\u00a0\u00a0\u00a0\u00a0\u00a0\u00a0\u00a0 Nedopustivo je da ve\u0107 godinama slu\u0161amo pri\u010de o slabom natalitetu, a istovremeno smo svedoci \u010dinjenice da su hrana, ode\u0107a i oprema za bebe veoma skupi. Samo za najosnovnije stvari za novoro\u0111enu bebu morate izdvojiti na stotine evra, pa se onda zapitajmo za\u0161to se prvenstveno mladi ne odlu\u010duju na zasnivanje porodice.<br \/>\n\u00a0\u00a0\u00a0\u00a0\u00a0\u00a0\u00a0 Nedopustivo je da mladi bra\u010dni parovi zbog lo\u0161e pronatalitetne politike moraju da zavise od svojih roditelja i da ne mogu samostalno da izdr\u017eavaju svoje porodice.<br \/>\n\u00a0\u00a0\u00a0\u00a0\u00a0\u00a0\u00a0 Nedopustivo je da su hrana, ode\u0107a i oprema za bebe jeftiniji u zemljama sa vi\u0161im \u017eivotnim standardom od na\u0161eg.<br \/>\n\u00a0\u00a0\u00a0\u00a0\u00a0\u00a0\u00a0 Nedopustivo je da odgajanje dece u Srbiji predstavlja pote\u0161ko\u0107u, a ne radost.<br \/>\n\u00a0\u00a0\u00a0\u00a0\u00a0\u00a0\u00a0 Nedopustivo je da smo prinu\u0111eni da radimo posao politi\u010dara i prikupljamo 30.000 potpisa za na\u0161u decu, za sve nas.<\/p>\n<p>Ali \u0107emo to i u\u010diniti!<\/p>\n<p><strong>Pozivamo sve gra\u0111ane Srbije da potpi\u0161u peticiju za ukidanje \u201cBebi PDV-a\u201d, a nevladine organizacije i sve institucije da se priklju\u010de kampanji kako bismo u\u010dinili najve\u0107u uslugu na\u0161oj deci. <\/p>\n<p>Priklju\u010dite se &#8211; <a href=\"http:\/\/www.bebac.com\/index.php?show=pdv\"><font color=\"#993366\">ovde<\/font><\/a>!<\/strong><\/font>  <\/p>\n<div align=\"justify\"> <\/div>\n<p align=\"justify\"><font size=\"2\"><br \/>\nBebac.com<\/font><\/p>\n<div align=\"justify\"> <font size=\"2\"><em><strong> <\/strong><\/em><\/font><br \/>\n<font size=\"2\"><em><strong><\/p>\n<p> Akciji su se do sada priklju\u010dili:<\/p>\n<p><\/strong><\/em><\/font><br \/>\n<font size=\"2\"><em><strong><\/p>\n<p> Savez zdravstvenih radnika Vojvodine<\/p>\n<p>Udru\u017eenje za javno zdravlje Srbije<\/p>\n<p>NVO Gra\u0111anka<\/p>\n<p>NVO Mediumgroup<\/p>\n<p>NVO Roditeljski centar<\/p>\n<p>Forum \u017eena<\/p>\n<p>Nezavisno dru\u0161tvo novinara Vojvodine<\/p>\n<p><\/strong><\/em><\/font><\/div>\n<p><strong>Autor:<\/strong> Redakcija Ravnica INFO<br \/>\n<strong>Datum:<\/strong> 21, 06, 2007.<\/p>\n","protected":false},"excerpt":{"rendered":"<p>Peticija za ukidanje PDV-a na hranu, ode\u0107u i opremu za bebe<\/p>\n","protected":false},"author":1,"featured_media":0,"comment_status":"open","ping_status":"open","sticky":false,"template":"","format":"standard","meta":{"footnotes":""},"categories":[1],"tags":[],"class_list":["post-10563","post","type-post","status-publish","format-standard","hentry","category-nekategorizovano"],"_links":{"self":[{"href":"https:\/\/ravnica.info\/arhiva\/index.php?rest_route=\/wp\/v2\/posts\/10563","targetHints":{"allow":["GET"]}}],"collection":[{"href":"https:\/\/ravnica.info\/arhiva\/index.php?rest_route=\/wp\/v2\/posts"}],"about":[{"href":"https:\/\/ravnica.info\/arhiva\/index.php?rest_route=\/wp\/v2\/types\/post"}],"author":[{"embeddable":true,"href":"https:\/\/ravnica.info\/arhiva\/index.php?rest_route=\/wp\/v2\/users\/1"}],"replies":[{"embeddable":true,"href":"https:\/\/ravnica.info\/arhiva\/index.php?rest_route=%2Fwp%2Fv2%2Fcomments&post=10563"}],"version-history":[{"count":0,"href":"https:\/\/ravnica.info\/arhiva\/index.php?rest_route=\/wp\/v2\/posts\/10563\/revisions"}],"wp:attachment":[{"href":"https:\/\/ravnica.info\/arhiva\/index.php?rest_route=%2Fwp%2Fv2%2Fmedia&parent=10563"}],"wp:term":[{"taxonomy":"category","embeddable":true,"href":"https:\/\/ravnica.info\/arhiva\/index.php?rest_route=%2Fwp%2Fv2%2Fcategories&post=10563"},{"taxonomy":"post_tag","embeddable":true,"href":"https:\/\/ravnica.info\/arhiva\/index.php?rest_route=%2Fwp%2Fv2%2Ftags&post=10563"}],"curies":[{"name":"wp","href":"https:\/\/api.w.org\/{rel}","templated":true}]}}