{"id":10562,"date":"2007-06-21T00:00:00","date_gmt":"2007-06-20T22:00:00","guid":{"rendered":"http:\/\/localhost\/ravnica\/2007\/06\/21\/gimnasticari-bez-sprava\/"},"modified":"2007-06-21T00:00:00","modified_gmt":"2007-06-20T22:00:00","slug":"gimnasticari-bez-sprava","status":"publish","type":"post","link":"https:\/\/ravnica.info\/arhiva\/?p=10562","title":{"rendered":"Gimnasti\u010dari bez sprava"},"content":{"rendered":"<p style=\"text-align: justify;\"><strong>\u010cetrdesetak polaznika Male \u0161kole gimnastike odr\u017eali su za goste, roditelje i drugare javni \u010das.<\/strong><\/p>\n<p><!--more--><\/p>\n<div align=\"justify\">  <\/div>\n<div align=\"center\"><font size=\"2\"><span style=\"font-family: Arial;\">\u00a0\u00a0\u00a0\u00a0\u00a0\u00a0\u00a0 <img loading=\"lazy\" decoding=\"async\" width=\"420\" height=\"315\" align=\"middle\" src=\"\/UserFiles\/Image\/Jun2007vesti\/mali-gimnasticari-sa-profes.jpg\" alt=\"\" \/><\/span><\/font><\/div>\n<p align=\"justify\" class=\"MsoNormal\"><font size=\"2\"><span style=\"font-family: Arial;\">Koliko su savladali gimnasti\u010dku azbuku pokazala su deca uzrasta od 5 &#8211; 11 godina.<br \/>\n\u00a0\u00a0\u00a0\u00a0\u00a0\u00a0\u00a0 Najmla\u0111i su se trudili da \u0161to bolje urade naskok, stoj na rukama, pa i zvezdu, a stariji su uspe\u0161no ve\u017ebali na gredi, vratilu, parteru.<\/span><\/font><\/p>\n<p align=\"center\" class=\"MsoNormal\"><font size=\"2\"><span style=\"font-family: Arial;\"><img loading=\"lazy\" decoding=\"async\" width=\"420\" height=\"315\" align=\"middle\" src=\"\/UserFiles\/Image\/Jun2007vesti\/na-vratilu.jpg\" alt=\"\" \/><\/span><\/font><\/p>\n<p align=\"justify\" class=\"MsoNormal\"><font size=\"2\"><span style=\"font-family: Arial;\"><img loading=\"lazy\" decoding=\"async\" width=\"203\" height=\"152\" align=\"right\" src=\"\/UserFiles\/Image\/Jun2007vesti\/kakva-spaga.jpg\" alt=\"\" \/>\u00a0\u00a0\u00a0\u00a0\u00a0\u00a0\u00a0\u00a0 <\/span><\/font><font size=\"2\"><span style=\"font-size: 10pt; font-family: Arial;\">&#8211; Radimo u maloj sali u gornjoj \u0161koli. Problem je \u0161to nemamo sve sprave, kao \u0161to su karike pa smo prinu\u0111eni da pred takmi\u010denja odr\u017eimo po 2-3 treninga u Ka\u0107u, pri\u010daju &#8222;u\u010ditelji&#8220; ove dece penzionisani profesor Dragoljub \u0110ur\u0111evac i Dragana Bogojevi\u0107, nezaposleni profesor fizi\u010dkog vaspitanja. &#8211; Ja sam na \u010dekanju kod \u010dika Dragana, \u010dekam red, obja\u0161njava petogodi\u0161nja Jelena \u0106uruvija koja je do\u0161la da vidi brata. To najbolje pokazuje da je veliki interes dece i roditelja za ovu \u0161kolu. Njeni polaznici imaju lepe rezultate na \u0161kolskim takmi\u010denjima u Novom Sadu i Subotici predstavljaju\u0107i O\u0160 &#8222;Svetozar Mileti\u0107&#8220;.<\/span><\/font><\/p>\n<div align=\"center\"><font size=\"2\"><span style=\"font-size: 10pt; font-family: Arial;\"><img loading=\"lazy\" decoding=\"async\" width=\"420\" height=\"315\" align=\"middle\" src=\"\/UserFiles\/Image\/Jun2007vesti\/najmladji-gimnasticari.jpg\" alt=\"\" \/><br \/>\n<\/span><\/font><\/div>\n<p><strong>Autor:<\/strong> Du\u0161anka Buva\u010d<br \/>\n<strong>Datum:<\/strong> 21, 06, 2007.<\/p>\n","protected":false},"excerpt":{"rendered":"<p>\u010cetrdesetak polaznika Male \u0161kole gimnastike odr\u017eali su za goste, roditelje i drugare javni \u010das.<\/p>\n","protected":false},"author":1,"featured_media":0,"comment_status":"open","ping_status":"open","sticky":false,"template":"","format":"standard","meta":{"footnotes":""},"categories":[1],"tags":[],"class_list":["post-10562","post","type-post","status-publish","format-standard","hentry","category-nekategorizovano"],"_links":{"self":[{"href":"https:\/\/ravnica.info\/arhiva\/index.php?rest_route=\/wp\/v2\/posts\/10562","targetHints":{"allow":["GET"]}}],"collection":[{"href":"https:\/\/ravnica.info\/arhiva\/index.php?rest_route=\/wp\/v2\/posts"}],"about":[{"href":"https:\/\/ravnica.info\/arhiva\/index.php?rest_route=\/wp\/v2\/types\/post"}],"author":[{"embeddable":true,"href":"https:\/\/ravnica.info\/arhiva\/index.php?rest_route=\/wp\/v2\/users\/1"}],"replies":[{"embeddable":true,"href":"https:\/\/ravnica.info\/arhiva\/index.php?rest_route=%2Fwp%2Fv2%2Fcomments&post=10562"}],"version-history":[{"count":0,"href":"https:\/\/ravnica.info\/arhiva\/index.php?rest_route=\/wp\/v2\/posts\/10562\/revisions"}],"wp:attachment":[{"href":"https:\/\/ravnica.info\/arhiva\/index.php?rest_route=%2Fwp%2Fv2%2Fmedia&parent=10562"}],"wp:term":[{"taxonomy":"category","embeddable":true,"href":"https:\/\/ravnica.info\/arhiva\/index.php?rest_route=%2Fwp%2Fv2%2Fcategories&post=10562"},{"taxonomy":"post_tag","embeddable":true,"href":"https:\/\/ravnica.info\/arhiva\/index.php?rest_route=%2Fwp%2Fv2%2Ftags&post=10562"}],"curies":[{"name":"wp","href":"https:\/\/api.w.org\/{rel}","templated":true}]}}