{"id":10560,"date":"2007-06-21T00:00:00","date_gmt":"2007-06-20T22:00:00","guid":{"rendered":"http:\/\/localhost\/ravnica\/2007\/06\/21\/generacija-za-pamcenje\/"},"modified":"2007-06-21T00:00:00","modified_gmt":"2007-06-20T22:00:00","slug":"generacija-za-pamcenje","status":"publish","type":"post","link":"https:\/\/ravnica.info\/arhiva\/?p=10560","title":{"rendered":"Generacija  za pam\u0107enje"},"content":{"rendered":"<p style=\"text-align: justify;\"><strong>Ovogodi\u0161nja generacija titelskih maturanata osta\u0107e upam\u0107ena kao samosvojna, samoinicijativna, vesela, koja zna \u0161ta ho\u0107e i koja je \u0161kolu do\u017eivljavala kao drugi dom i provodila mnogo, mnogo vremena u njoj.<\/strong><\/p>\n<p><!--more--><\/p>\n<div align=\"justify\">  <\/div>\n<div align=\"justify\">  <\/div>\n<div align=\"justify\">  <\/div>\n<div align=\"justify\">  <\/div>\n<p align=\"justify\" class=\"MsoNormal\"><font size=\"2\"><span style=\"font-family: Arial;\">\u00a0\u00a0\u00a0\u00a0\u00a0\u00a0\u00a0 Da su veseli dokazali su poslednjeg \u0161kolskog dana kada su kraj \u0161kolske godine proslavili uz truba\u010de, \u010dak iz Vranja.<br \/>\n<\/span><\/font><\/p>\n<div align=\"center\"><font size=\"2\"><span style=\"font-family: Arial;\"><img loading=\"lazy\" decoding=\"async\" width=\"420\" height=\"315\" align=\"middle\" src=\"\/UserFiles\/Image\/Jun2007vesti\/Nova-1900.jpg\" alt=\"\" \/><\/span><\/font><\/div>\n<p align=\"justify\" class=\"MsoNormal\"><font size=\"2\"><span style=\"font-family: Arial;\"><img loading=\"lazy\" decoding=\"async\" width=\"175\" vspace=\"6\" hspace=\"6\" height=\"232\" align=\"right\" alt=\"\" src=\"\/UserFiles\/Image\/Jun2007vesti\/Albert-i-Mileva.jpg\" \/><\/span><\/font><font size=\"2\"><span style=\"font-family: Arial;\">\u00a0\u00a0\u00a0\u00a0\u00a0\u00a0\u00a0\u00a0 Po tradiciji maturanti<span style=\"\">\u00a0 <\/span>matursko ve\u010de proslave posle polaganja maturskih ispita. Tako je bilo i ove godine. Do\u0161li su roditelji, rodbina, prijatelji, drugari da ih vide u punom sjaju lepe, elegantne, nadasve \u0161armantne. <\/span><\/font><font size=\"2\"><span style=\"font-family: Arial;\"><\/span><\/font><font size=\"2\"><span style=\"font-family: Arial;\">I maturanti i profesori se sla\u017eu da im je bilo prelepo u restoranu \u010cik u Zrenjaninu. Uz, uglavnom, zabavnu muziku, neumorno su igrali. Razi\u0161li su se u ranim jutarnjim satima, a putnici su prve autobuse za povratak ku\u0107i do\u010dekali na Tisi. &#8211; <\/span><\/font><font size=\"2\"><span style=\"font-family: Arial;\"><\/span><\/font><font size=\"2\"><span style=\"font-family: Arial;\">Da imamo predivnu generaciju potvrdilo je i ovo ve\u010de, jer sam za na\u0161e maturante dobila samo re\u010di hvale od vlasnika i osoblja restorana, ponosno pri\u010da Jadranka Pe\u0161ti, direktor ST\u0160 \u00bbMileva Mari\u0107\u00ab. Pouzdani izvori ka\u017eu da su titelski maturanti prednja\u010dili po veselju, razigranosti, ali i pona\u0161anju, jer ni slu\u010dajno nije bila razbijena ni jedna jedina \u010da\u0161a.<br \/>\n<img loading=\"lazy\" decoding=\"async\" width=\"232\" vspace=\"6\" hspace=\"6\" height=\"172\" align=\"left\" alt=\"\" src=\"\/UserFiles\/Image\/Jun2007vesti\/brucosi-kod-prof-Vebera.jpg\" \/>\u00a0\u00a0\u00a0\u00a0\u00a0\u00a0\u00a0\u00a0 Za ovu generaciju<span style=\"\">\u00a0 <\/span>njihovi naslednici, po tradiciji, pripremili su pozori\u0161nu predstavu. Ovaj put profesorica Marijana Miljevi\u0107 Erdevik adaptirala je i re\u017eirala tekst Vide Ognjenovi\u0107 \u00bbMileva Ajn\u0161tajn\u00ab po kojoj \u0161kola nosi ime. Mirjana Vavan i \u0110or\u0111o Kolakovi\u0107 upe\u010datljivo su predstavili Milevu i Alberta, ali su dobro glumili i Davor Kulja, Aleksandar Vojvodi\u0107, Suzana Todorovi\u0107, Sr\u0111an Mihajlovi\u0107, Tatjana Ro\u017ea. Dobra predstava, uz nadu da \u0107e imati priliku da je vide i drugi.<br \/>\n\u00a0\u00a0\u00a0\u00a0\u00a0\u00a0\u00a0 Jadranka Pe\u0161ti, direktor \u0161kole pozdravila je sve prisutne i zahvalila se kolegama koji su i ovoj generaciji podarili ljubav i znanje, ali i \u0111acima koji su deo mladosti podarili profesorima. \u2013 Ovo jeste kraj, ali i novi po\u010detak, naglasila je Pe\u0161tijeva.<\/span><\/font><\/p>\n<p align=\"center\" class=\"MsoNormal\"><font size=\"2\"><span style=\"font-family: Arial;\"><img loading=\"lazy\" decoding=\"async\" width=\"420\" height=\"315\" align=\"middle\" src=\"\/UserFiles\/Image\/Jun2007vesti\/Najbolji-tokom-skolovanja.jpg\" alt=\"\" \/><\/span><\/font><\/p>\n<p align=\"justify\" class=\"MsoNormal\"><font size=\"2\"><span style=\"font-family: Arial;\"><img loading=\"lazy\" decoding=\"async\" width=\"219\" vspace=\"6\" hspace=\"6\" height=\"166\" align=\"right\" alt=\"\" src=\"\/UserFiles\/Image\/Jun2007vesti\/Tomovic.jpg\" \/>\u00a0\u00a0\u00a0\u00a0\u00a0\u00a0\u00a0\u00a0 Zatim je usledilo progla\u0161enje najboljih. Me\u0111u njih 105 Jelena Tomovi\u0107 iz Gardinovaca je \u0111ak generacije, Stevica Tubi\u0107 iz Mo\u0161orina je najbolji ma\u0161inac i Marko Kuzmanov iz Titela, najbolji trgovac. Posebno su nagra\u0111eni Nikola Vla\u0161ki, Dobrila Pejin, Stefan Stevi\u0107 i Ljiljana Obradovi\u0107 koji su svoj pe\u010dat dali i u vannastavnim aktivnostima. Nagra\u0111eni su i Stevan Nenin i Uro\u0161 Budi\u0161a za poseban doprinos, a onda je usledilo dodeljivanje diploma i ka\u010dketa po odeljenjima maturanata. Na pozornicu su izlazile razredne stare\u0161ine Radoslav Muratovi\u0107, Maja Stevanovi\u0107, Dragica Trnini\u0107 i Ljiljana Ban\u010devi\u0107 da bi \u00bbsvojim\u00ab maturantima uru\u010dili ka\u010dkete, dok je direktor \u0161kole uru\u010divala diplome. Maturanti iz E41, verujemo, priredili su prijatno iznena\u0111enje razrednom stare\u0161ini Dragici Trnini\u0107 i profesorici Leli Jovanovi\u0107 (za koju tvrde da je najbolja profesorica u \u0161koli) uru\u010div\u0161i im predivne bukete cve\u0107a.<\/span><\/font><\/p>\n<p align=\"center\" class=\"MsoNormal\"><font size=\"2\"><span style=\"font-family: Arial;\"><img loading=\"lazy\" decoding=\"async\" width=\"420\" height=\"315\" align=\"middle\" src=\"\/UserFiles\/Image\/Jun2007vesti\/cvece-za-razrednu-i-profeso.jpg\" alt=\"\" \/><\/span><\/font><\/p>\n<p align=\"justify\" class=\"MsoNormal\"><font size=\"2\"><span style=\"font-family: Arial;\">\u00a0\u00a0\u00a0\u00a0\u00a0\u00a0\u00a0\u00a0 <\/span><\/font><font size=\"2\"><span style=\"font-size: 10pt; font-family: Arial;\">Po tradiciji maturanti sa\u010dekaju da svi dobiju diplome, a onda<span style=\"\">\u00a0 <\/span>ispred Doma kulture \u00bbbace u nebo\u00ab ka\u010dkete, uspomenu na srednjo\u0161kolsko doba.<\/span><\/font><\/p>\n<p align=\"center\" class=\"MsoNormal\"><font size=\"2\"><span style=\"font-size: 10pt; font-family: Arial;\"><img loading=\"lazy\" decoding=\"async\" width=\"420\" height=\"315\" align=\"middle\" src=\"\/UserFiles\/Image\/Jun2007vesti\/kacketi-lete.jpg\" alt=\"\" \/><br \/>\n<\/span><\/font><\/p>\n<p><strong>Autor:<\/strong> Du\u0161anka Buva\u010d<br \/>\n<strong>Datum:<\/strong> 21, 06, 2007.<\/p>\n","protected":false},"excerpt":{"rendered":"<p>Ovogodi\u0161nja generacija titelskih maturanata osta\u0107e upam\u0107ena kao samosvojna, samoinicijativna, vesela, koja zna \u0161ta ho\u0107e i koja je \u0161kolu do\u017eivljavala kao drugi dom i provodila mnogo, mnogo vremena u njoj.<\/p>\n","protected":false},"author":1,"featured_media":0,"comment_status":"open","ping_status":"open","sticky":false,"template":"","format":"standard","meta":{"footnotes":""},"categories":[1],"tags":[],"class_list":["post-10560","post","type-post","status-publish","format-standard","hentry","category-nekategorizovano"],"_links":{"self":[{"href":"https:\/\/ravnica.info\/arhiva\/index.php?rest_route=\/wp\/v2\/posts\/10560","targetHints":{"allow":["GET"]}}],"collection":[{"href":"https:\/\/ravnica.info\/arhiva\/index.php?rest_route=\/wp\/v2\/posts"}],"about":[{"href":"https:\/\/ravnica.info\/arhiva\/index.php?rest_route=\/wp\/v2\/types\/post"}],"author":[{"embeddable":true,"href":"https:\/\/ravnica.info\/arhiva\/index.php?rest_route=\/wp\/v2\/users\/1"}],"replies":[{"embeddable":true,"href":"https:\/\/ravnica.info\/arhiva\/index.php?rest_route=%2Fwp%2Fv2%2Fcomments&post=10560"}],"version-history":[{"count":0,"href":"https:\/\/ravnica.info\/arhiva\/index.php?rest_route=\/wp\/v2\/posts\/10560\/revisions"}],"wp:attachment":[{"href":"https:\/\/ravnica.info\/arhiva\/index.php?rest_route=%2Fwp%2Fv2%2Fmedia&parent=10560"}],"wp:term":[{"taxonomy":"category","embeddable":true,"href":"https:\/\/ravnica.info\/arhiva\/index.php?rest_route=%2Fwp%2Fv2%2Fcategories&post=10560"},{"taxonomy":"post_tag","embeddable":true,"href":"https:\/\/ravnica.info\/arhiva\/index.php?rest_route=%2Fwp%2Fv2%2Ftags&post=10560"}],"curies":[{"name":"wp","href":"https:\/\/api.w.org\/{rel}","templated":true}]}}