{"id":10558,"date":"2007-06-21T00:00:00","date_gmt":"2007-06-20T22:00:00","guid":{"rendered":"http:\/\/localhost\/ravnica\/2007\/06\/21\/kruna-obelezavanja-jubileja\/"},"modified":"2007-06-21T00:00:00","modified_gmt":"2007-06-20T22:00:00","slug":"kruna-obelezavanja-jubileja","status":"publish","type":"post","link":"https:\/\/ravnica.info\/arhiva\/?p=10558","title":{"rendered":"Kruna obele\u017eavanja jubileja"},"content":{"rendered":"<p style=\"text-align: justify;\"><strong>22. juna po\u010dinje 7. tradicionalni me\u0111unarodni kadetski memorijal &#8222;\u017divko Kondi\u0107&#8220; u Ka\u0107u<\/strong><\/p>\n<p><!--more--><\/p>\n<p align=\"justify\" class=\"MsoNormal\" style=\"margin: 6pt 0cm; text-align: justify; text-indent: 19.85pt; line-height: 130%;\"><font size=\"2\"><span style=\"font-size: 10pt; line-height: 130%; font-family: Arial;\">OFK Jugovi\u0107, osnovan 1912. godine, ubraja se me\u0111u najstarije klubove u zemlji i jedan je od retkih koji poseduju originalan dokument o osnivanju. Stara i po\u017eutela hartije nemi je, ali ubedljivi svedok da je 16. avgusta te godine, sa po\u010detkom u dva \u010dasa popodne, odr\u017ean sastanak &#8222;Ka\u0107kog sport kluba&#8220;. Krajem maja ili po\u010detkom juna 1926. godine klub dobija ime Sport klub &#8222;Jugovi\u0107&#8220;, nakon \u0161to je samo devet igra\u010da odigralo celu utakmicu, pa su govorili &#8222;nas devet pobedismo kao devet Jugovi\u0107a&#8220;.<\/span><\/font><\/p>\n<div align=\"center\"><font size=\"2\"><span style=\"font-size: 10pt; line-height: 130%; font-family: Arial;\"><img loading=\"lazy\" decoding=\"async\" width=\"283\" height=\"211\" align=\"middle\" alt=\"\" src=\"\/UserFiles\/Image\/Jun2007vesti\/SK Jugovic iz 1927 godine.jpg\" \/><br \/>\n<\/span><\/font><\/div>\n<div align=\"center\"><font size=\"2\" face=\"Arial\">Prva fotografija SK &#8222;Jugovi\u0107&#8220; snimljena 1927. godine<span class=\"style11\"><span class=\"style13\"><\/span><\/span><br \/>\n<span class=\"style11\"><span class=\"style13\"><em>Stoje sa leva na desno: \u017divan Isakov, Rada Jovanov,  <\/em><\/span><\/span><br \/>\n<span class=\"style11\"><span class=\"style13\"><em>Andrija Miljkov, Gavra Putnik, Stevan Pesirac, Du\u0161an Staji\u0107. <\/em><\/span><\/span><br \/>\n<span class=\"style11\"><span class=\"style13\"><em>Srednji red: <\/em><em>\u017divan Kuzmanov Marko, \u0110urika Najman, Mita Strajini\u0107 Mi\u0107a. <\/em><\/span><\/span><br \/>\n<span class=\"style11\"><span class=\"style13\"><em>Sede: Bela Kompo\u0161<\/em><em>, Bo\u017eidar Kuzmanov, Dragutin Jovanovi\u0107.<\/em><\/span><\/span><\/font>    <\/div>\n<p align=\"justify\" class=\"MsoNormal\" style=\"margin: 6pt 0cm; text-align: justify; text-indent: 19.85pt; line-height: 130%;\"><font size=\"2\"><span style=\"font-size: 10pt; line-height: 130%; font-family: Arial;\"><o:p><\/o:p><\/span><\/font><\/p>\n<div align=\"justify\">  <\/div>\n<p align=\"justify\" class=\"MsoNormal\" style=\"margin: 6pt 0cm; text-align: justify; text-indent: 19.85pt; line-height: 130%;\"><font size=\"2\"><span style=\"font-size: 10pt; line-height: 130%; font-family: Arial;\"><img loading=\"lazy\" decoding=\"async\" width=\"131\" hspace=\"6\" height=\"178\" align=\"left\" src=\"\/UserFiles\/Image\/Jun2007vesti\/Grb Jugovica.jpg\" alt=\"\" \/><img loading=\"lazy\" decoding=\"async\" width=\"132\" height=\"153\" align=\"right\" alt=\"\" src=\"\/UserFiles\/Image\/Jun2007vesti\/95-godina.jpg\" \/>Ove godine mali, ali ugledni sportski kolektiv obele\u017eava jubilej 95 godina od osnivanja, u okviru koga su planirane brojne manifestacije. Tim povodom, u Ka\u0107u je 22. maja, na Dan Mesne zajednice i Slave hrama Svetog oca Nikolaja, gostovao seniorski pogon FK Vojvodina, dvostrukog prvaka SFRJ i ovogodi\u0161njeg finaliste Lav kupa Srbije, dok je mlada reprezentacija Srbije, pred odlazak na Evropsko prvenstvo u Holandiju, 2. juna odr\u017eala trening na Sportskom centru &#8222;Siget&#8220;, kome je prisustvovalo preko 1000 ljubitelja fudbala iz Ka\u0107a, Novog Sada i okoline. Tokom maja i juna odr\u017ean je i 6. tradicionalni &#8222;Jugovi\u0107 kup&#8220; za mla\u0111e kategorije, na kome je u pet uzrasnih selekcija u\u010destvovalo preko 80 klubova i \u0161kola fudbala iz cele Srbije. Za 16. avgust, na dan osnivanja Kluba, planirana je sve\u010dana Skup\u0161tina, a tokom jeseni u goste Ka\u0107anima bi\u0107e pozvani i najve\u0107i srpski klubovi Crvena zvezda i Partizan.<o:p><\/o:p><\/span><\/font><\/p>\n<div align=\"justify\">  <\/div>\n<p align=\"justify\" class=\"MsoNormal\" style=\"margin: 6pt 0cm; text-align: justify; text-indent: 19.85pt; line-height: 130%;\"><font size=\"2\"><span style=\"font-size: 10pt; line-height: 130%; font-family: Arial;\">Ipak, krunu obele\u017eavanja jubileja predstavlja Sedmi me\u0111unarodni kadetski memorijalni turnir &#8222;\u017divko Kondi\u0107&#8220;, koji se odr\u017eava od 22. do 24. juna. Na ovoj me\u0111unarodnoj smotri mladih fudbalera u\u010destvuju Slavija iz Srpskog Sarajeva, Partizan iz Beograda (prvak Kadetske lige Srbije), Vojvodina iz Novog Sada (prvak Kadetske lige Vojvodine i pro\u0161logodi\u0161nji pobednik turnira), Novi Sad iz Novog Sada, Banat iz Zrenjanina i doma\u0107i Jugovi\u0107. Novi Sad, Jugovi\u0107 i Partizan su svrstani u A grupu, dok su u B grupi Vojvodina, Banat i Slavija. Uz napomenu da je Sportski centar &#8222;Siget&#8220; u Ka\u0107u jedan od najlep\u0161ih i najurednijih, a glavni teren me\u0111u najkvalitetnijim u Vojvodini, sigurno je da \u0107e ovaj turnir biti organizovan na zaista visokom nivou.<o:p><\/o:p><\/span><\/font><\/p>\n<div align=\"justify\">  <\/div>\n<div align=\"justify\">  <\/div>\n<p align=\"justify\" class=\"MsoNormal\" style=\"margin: 6pt 0cm; text-align: justify; text-indent: 19.85pt; line-height: 130%;\"><font size=\"2\"><span style=\"font-size: 10pt; line-height: 130%; font-family: Arial;\">U petak, 22. juna, nakon do\u010deka gostiju iz Srpskog Sarajeva i sve\u010danog otvaranja koje je zakazano za 17 \u010dasova, u prvom me\u010du, od 17\/30 \u010dasova, sastaju se Novi Sad i Jugovi\u0107, a od 19\/00 \u010dasova igraju Vojvodina i Banat. U subotu, 23. juna, u 9 \u010dasova je planiran odlazak na groblje i polaganje cve\u0107a na grob \u017divka Kondi\u0107a, a u takmi\u010darskom delu na programu su me\u010devi izme\u0111u Vojvodine i Slavije od 9\/30 \u010dasova, odnosno izme\u0111u Novog Sada i Partizana od 11 \u010dasova. Popodne, od 17\/30 sastaju se Banat i Slavija, a od 19 \u010dasova Jugovi\u0107 i Partizan. Utakmice za plasman igraju se u nedelju, 24. juna: u 15\/30 po\u010dinje me\u010d za peto mesto, u 17\/00 igra se susret za tre\u0107e mesto, dok je veliko finale zakazano za 18\/30 minuta, nakon \u010dega \u0107e uslediti progla\u0161enje pobednika, uru\u010denje priznanja i nagrada, kao i sve\u010dano zatvaranje turnira.<o:p>\u00a0<\/o:p><\/span><\/font><\/p>\n<div align=\"justify\">  <\/div>\n<div align=\"justify\">  <\/div>\n<p align=\"justify\" class=\"MsoNormal\" style=\"margin: 12pt 0cm 9pt; text-align: center; line-height: 130%;\"><strong><font size=\"2\"><span style=\"font-size: 10pt; line-height: 130%; font-family: Arial;\">\u017dIVKO KONDI\u0106 \u2013 TVORAC MODERNOG JUGOVI\u0106A<\/span><\/font><\/strong><\/p>\n<p align=\"justify\" class=\"MsoNormal\" style=\"margin: 6pt 0cm; text-align: justify; text-indent: 19.85pt; line-height: 130%;\"><font size=\"2\"><span style=\"font-size: 10pt; line-height: 130%; font-family: Arial;\"><img loading=\"lazy\" decoding=\"async\" width=\"153\" vspace=\"6\" hspace=\"6\" height=\"208\" border=\"2\" align=\"left\" alt=\"\" src=\"\/UserFiles\/Image\/Jun2007vesti\/Zivko-Kondic.jpg\" \/>Plemenito srce \u017divka Kondi\u0107a, tvorca modernog Jugovi\u0107a, prestalo je da kuca 9. marta 1994. godine. \u017divko Kondi\u0107 je, bez sumnje, jedna od najistaknutijih li\u010dnosti u \u010ditavoj istoriji ka\u0107kog fudbala i nemogu\u0107e je u nekoliko re\u010denica opisati njegov doprinos u popularizaciji fudbalskog sporta u ovom mestu.<o:p><\/o:p><\/span><\/font><\/p>\n<div align=\"justify\">  <\/div>\n<p align=\"justify\" class=\"MsoNormal\" style=\"margin: 6pt 0cm; text-align: justify; text-indent: 19.85pt; line-height: 130%;\"><font size=\"2\"><span style=\"font-size: 10pt; line-height: 130%; font-family: Arial;\">U rad kluba uklju\u010dio se 1974. godine, a u narednih dvadeset godina u nekoliko navrata bio je predsednik OFK Jugovi\u0107 i Sportskog dru\u0161tva Jugovi\u0107. Do poslednjeg dana \u017eivota svakodnevno se hvatao u ko\u0161tac sa problemima koji su stajali pred njegovim voljenim klubom. Njegov doprinos u stvaranju osnovnih uslova za rad, organizaciji kluba i postizanju takmi\u010darskih rezultata bio je nemerljiv i nenadoknadiv.<o:p><\/o:p><\/span><\/font><\/p>\n<div align=\"justify\">  <\/div>\n<p align=\"justify\" class=\"MsoNormal\" style=\"margin: 6pt 0cm; text-align: justify; text-indent: 19.85pt; line-height: 130%;\"><font size=\"2\"><span style=\"font-size: 10pt; line-height: 130%; font-family: Arial;\">Pod njegovim vo\u0111stvom, OFK Jugovi\u0107 je postigao najve\u0107e uspehe u svojoj gotovo stogodi\u0161njoj istoriji. U relativno kratkom vremenskom periodu, klub je pre\u0161ao put od Novosadske lige prvi razred, preko Podru\u010dne lige Novi Sad i Novosadsko-sremske zone, do Vojvo\u0111anske lige Zapad, gde se i danas takmi\u010di, 13 godina nakon \u0161to je \u017divko zauvek napustio Sportski centar &#8222;Siget&#8220;.<o:p><\/o:p><\/span><\/font><\/p>\n<div align=\"justify\">  <\/div>\n<p align=\"justify\" class=\"MsoNormal\" style=\"margin: 6pt 0cm; text-align: justify; text-indent: 19.85pt; line-height: 130%;\"><font size=\"2\"><span style=\"font-size: 10pt; line-height: 130%; font-family: Arial;\">Posebno treba ista\u0107i privr\u017eenost i ljubav koju je gajio prema mla\u0111im kategorijama, uvek se trude\u0107i da im obezbedi uslove za rad i tako stvori bazu za uspe\u0161an razvoj Kluba.<\/span><\/font><\/p>\n<p align=\"justify\" class=\"MsoNormal\" style=\"margin: 12pt 0cm 9pt; text-align: center; line-height: 130%;\"><img loading=\"lazy\" decoding=\"async\" width=\"283\" height=\"173\" align=\"middle\" src=\"\/UserFiles\/Image\/Jun2007vesti\/OFK_Jugovic_1977.jpg\" alt=\"\" \/>\n<\/p>\n<p align=\"justify\" class=\"MsoNormal\" style=\"margin: 12pt 0cm 9pt; text-align: center; line-height: 130%;\"><font size=\"2\"><span style=\"font-size: 10pt; line-height: 130%; font-family: Arial;\"><o:p><\/o:p><\/span><\/font><\/p>\n<div align=\"justify\">  <\/div>\n<div align=\"center\"><font size=\"2\" face=\"Arial\"><strong><span style=\"font-family: Verdana; font-size: 7pt;\">Ekipa OFK &#8222;Jugovi\u0107&#8220; pred start prvenstva 1977. godine<\/span><\/strong><\/font><br \/>\n<font size=\"2\" face=\"Arial\"><strong><span style=\"font-family: Verdana; font-size: 7pt;\">U OVO VREME JE VE\u0106 PO\u010cELO UDARANJE TEMELJA MODERNOM &#8222;JUGOVI\u0106U&#8220;<\/span><\/strong><\/font><\/div>\n<p align=\"justify\" class=\"MsoNormal\" style=\"margin: 6pt 0cm; text-align: justify; text-indent: 19.85pt; line-height: 130%;\"><font size=\"2\"><span style=\"font-size: 10pt; line-height: 130%; font-family: Arial;\"><o:p><\/o:p><\/span><\/font><\/p>\n<p><strong>Autor:<\/strong> Goran Nakom\u010di\u0107<br \/>\n<strong>Datum:<\/strong> 21, 06, 2007.<\/p>\n","protected":false},"excerpt":{"rendered":"<p>22. juna po\u010dinje 7. tradicionalni me\u0111unarodni kadetski memorijal &#8222;\u017divko Kondi\u0107&#8220; u Ka\u0107u<\/p>\n","protected":false},"author":1,"featured_media":0,"comment_status":"open","ping_status":"open","sticky":false,"template":"","format":"standard","meta":{"footnotes":""},"categories":[1],"tags":[],"class_list":["post-10558","post","type-post","status-publish","format-standard","hentry","category-nekategorizovano"],"_links":{"self":[{"href":"https:\/\/ravnica.info\/arhiva\/index.php?rest_route=\/wp\/v2\/posts\/10558","targetHints":{"allow":["GET"]}}],"collection":[{"href":"https:\/\/ravnica.info\/arhiva\/index.php?rest_route=\/wp\/v2\/posts"}],"about":[{"href":"https:\/\/ravnica.info\/arhiva\/index.php?rest_route=\/wp\/v2\/types\/post"}],"author":[{"embeddable":true,"href":"https:\/\/ravnica.info\/arhiva\/index.php?rest_route=\/wp\/v2\/users\/1"}],"replies":[{"embeddable":true,"href":"https:\/\/ravnica.info\/arhiva\/index.php?rest_route=%2Fwp%2Fv2%2Fcomments&post=10558"}],"version-history":[{"count":0,"href":"https:\/\/ravnica.info\/arhiva\/index.php?rest_route=\/wp\/v2\/posts\/10558\/revisions"}],"wp:attachment":[{"href":"https:\/\/ravnica.info\/arhiva\/index.php?rest_route=%2Fwp%2Fv2%2Fmedia&parent=10558"}],"wp:term":[{"taxonomy":"category","embeddable":true,"href":"https:\/\/ravnica.info\/arhiva\/index.php?rest_route=%2Fwp%2Fv2%2Fcategories&post=10558"},{"taxonomy":"post_tag","embeddable":true,"href":"https:\/\/ravnica.info\/arhiva\/index.php?rest_route=%2Fwp%2Fv2%2Ftags&post=10558"}],"curies":[{"name":"wp","href":"https:\/\/api.w.org\/{rel}","templated":true}]}}