{"id":10556,"date":"2007-06-18T00:00:00","date_gmt":"2007-06-17T22:00:00","guid":{"rendered":"http:\/\/localhost\/ravnica\/2007\/06\/18\/karneval-2007\/"},"modified":"2007-06-18T00:00:00","modified_gmt":"2007-06-17T22:00:00","slug":"karneval-2007","status":"publish","type":"post","link":"https:\/\/ravnica.info\/arhiva\/?p=10556","title":{"rendered":"Karneval 2007"},"content":{"rendered":"<p style=\"text-align: justify;\"><strong>U originalnim maskama 380 mali\u0161ana na Karnevalu<\/strong><\/p>\n<p><!--more--><\/p>\n<div align=\"justify\">  <\/div>\n<div align=\"justify\">  <\/div>\n<div align=\"justify\">  <\/div>\n<div align=\"justify\">  <\/div>\n<div align=\"justify\">  <\/div>\n<p align=\"justify\" class=\"MsoNormal\"><font size=\"2\" face=\"Arial\"><span style=\"font-family: Arial;\"><img loading=\"lazy\" decoding=\"async\" width=\"191\" height=\"181\" align=\"left\" src=\"\/UserFiles\/Image\/Jun2007vesti\/karneval-deca.jpg\" alt=\"\" \/><br \/>\n<\/span><\/font><\/p>\n<p align=\"justify\" class=\"MsoNormal\"><font size=\"2\" face=\"Arial\"><span style=\"font-family: Arial;\">\u00a0\u00a0\u00a0\u00a0\u00a0\u00a0\u00a0 U originalnim maskama i kostimima prodefilovalo je 380 mali\u0161ana titelskim ulicama da bi se svi okupili na Paradnom trgu na 7. karnevalu.<\/span><\/font><\/p>\n<div align=\"justify\"><font size=\"2\" face=\"Arial\"><span style=\"font-family: Arial;\"> <\/span><\/font><font size=\"2\" face=\"Arial\"><span style=\"font-family: Arial;\"><\/span><\/font><font size=\"2\" face=\"Arial\"><span style=\"font-family: Arial;\">\u00a0\u00a0\u00a0\u00a0\u00a0\u00a0\u00a0\u00a0 Ovogodi\u0161nji moto Karnevala je bio &#8220; Nek pote\u010de med i mleko&#8220;, a njegova<span style=\"\">\u00a0 <\/span>maskota Mlekoljub Medi\u0107 bio je neumoran u zabavljanju de\u010dice i deljenju poklona<span style=\"\">\u00a0 <\/span>u\u010desnicima.<br \/>\n<\/span><\/font><\/p>\n<div align=\"center\"><font size=\"2\" face=\"Arial\"><span style=\"font-family: Arial;\"><img loading=\"lazy\" decoding=\"async\" width=\"420\" height=\"313\" align=\"middle\" alt=\"\" src=\"\/UserFiles\/Image\/Jun2007vesti\/mlekoljub-Medic-sa-vesticom.jpg\" \/><\/span><\/font>\n<\/div>\n<\/div>\n<p align=\"justify\" class=\"MsoNormal\"> <font size=\"2\" face=\"Arial\"><span style=\"font-family: Arial;\"><\/span><\/font><\/p>\n<p align=\"justify\" class=\"MsoNormal\"><font size=\"2\" face=\"Arial\"><span style=\"font-family: Arial;\"><\/span><\/font><font size=\"2\" face=\"Arial\"><span style=\"font-family: Arial;\"><img loading=\"lazy\" decoding=\"async\" width=\"104\" height=\"181\" align=\"left\" src=\"\/UserFiles\/Image\/Jun2007vesti\/mali-srbijanac.jpg\" alt=\"\" \/><\/span><\/font><font size=\"2\" face=\"Arial\"><span style=\"font-family: Arial;\"><img loading=\"lazy\" decoding=\"async\" width=\"136\" height=\"181\" align=\"right\" src=\"\/UserFiles\/Image\/Jun2007vesti\/Mackica-karneval.jpg\" alt=\"\" \/><\/span><\/font><font size=\"2\" face=\"Arial\"><span style=\"font-family: Arial;\">\u00a0\u00a0\u00a0\u00a0\u00a0\u00a0\u00a0\u00a0 Voditelj ove smotre, Marin Zub\u010di\u0107, imao je pune ruke posla jer je publiku trebalo upoznati sa brojnim maskama. Binom su pro\u0161le mlade, ali bez mlado\u017eenja, ciganke koje ne znaju da gataju, leptiri, kauboji, indijanci, <\/span><\/font><font size=\"2\" face=\"Arial\"><span style=\"font-family: Arial;\"><\/span><\/font><font size=\"2\" face=\"Arial\"><span style=\"font-family: Arial;\">Pipi Duge \u010carape, lekari, sestre, princeze, prin\u010devi, tenkisti, reperi, kriminalce, ali i policajci ma\u010dkice, ali i Ana Ivanovi\u0107, Pamela Anderson, a de\u010dak iz Gardinovaca je bio njegov u\u010ditelj Branislav Brki\u0107, te jedan strogi popa&#8230; Najmla\u0111a je bila 8-mese\u010dna \u017deljana &#8211; mlada, pa jedan Srbijanac koji jo\u0161 nije ni prohodao, a Igor &#8211; leptir je zaspao na bini u maminom naru\u010dju&#8230; Predstavila su se deca iz Loka, \u0160ajka\u0161a, Vilova, Gardinovaca, Titela, ali i iz Zrenjanina, Zemuna, Novog Sada, uzrasta do \u010detvrtog razreda.<\/span><\/font><\/p>\n<p align=\"center\" class=\"MsoNormal\"><font size=\"2\" face=\"Arial\"><span style=\"font-family: Arial;\"><\/span><\/font><font size=\"2\" face=\"Arial\"><span style=\"font-family: Arial;\"><img loading=\"lazy\" decoding=\"async\" width=\"405\" height=\"303\" align=\"middle\" alt=\"\" src=\"\/UserFiles\/Image\/Jun2007vesti\/maskirani-Vilovcani.jpg\" \/><\/span><\/font><font size=\"2\" face=\"Arial\"><span style=\"font-family: Arial;\"><\/span><\/font><\/p>\n<p align=\"justify\" class=\"MsoNormal\"><font size=\"2\" face=\"Arial\"><span style=\"font-family: Arial;\"> <\/span><\/font><font size=\"2\" face=\"Arial\"><span style=\"font-family: Arial;\"><\/span><\/font><font size=\"2\" face=\"Arial\"><span style=\"font-family: Arial;\">\u00a0\u00a0\u00a0\u00a0\u00a0\u00a0\u00a0\u00a0 Publika je<\/span><\/font><font size=\"2\" face=\"Arial\"><span style=\"font-family: Arial;\"> u\u017eivala u ta\u010dkama mla\u0111ih grupa AKUD &#8222;Jovan Popovi\u0107&#8220;, te ta\u010dki specijalnog odeljenja O\u0160 &#8222;Svetozar Mileti\u0107&#8220; koji su prvi put javno nastupili.<br \/>\n\u00a0\u00a0\u00a0\u00a0\u00a0\u00a0\u00a0 Naravno i ove godine slatki\u0161i su izbacivani iz motornog zmaja.<br \/>\n\u00a0\u00a0\u00a0\u00a0\u00a0\u00a0\u00a0 Organizator AKUD &#8222;Jovan Popovi\u0107&#8220;, iako se vreme poigravalo, i ovaj put odli\u010dno je odradio posao uz pomo\u0107 sponzora op\u0161tine Titel, Novosadske mlekare, TRLE NB , Pekare &#8222;Pahulja&#8220;.<\/span><\/font><\/p>\n<p align=\"center\" class=\"MsoNormal\"><font size=\"2\" face=\"Arial\"><span style=\"font-family: Arial;\"><\/span><\/font><font size=\"2\" face=\"Arial\"><span style=\"font-family: Arial;\"><\/span><\/font><\/p>\n<p><strong>Autor:<\/strong> Du\u0161anka Buva\u010d<br \/>\n<strong>Datum:<\/strong> 18, 06, 2007.<\/p>\n","protected":false},"excerpt":{"rendered":"<p>U originalnim maskama 380 mali\u0161ana na Karnevalu<\/p>\n","protected":false},"author":1,"featured_media":0,"comment_status":"open","ping_status":"open","sticky":false,"template":"","format":"standard","meta":{"footnotes":""},"categories":[1],"tags":[],"class_list":["post-10556","post","type-post","status-publish","format-standard","hentry","category-nekategorizovano"],"_links":{"self":[{"href":"https:\/\/ravnica.info\/arhiva\/index.php?rest_route=\/wp\/v2\/posts\/10556","targetHints":{"allow":["GET"]}}],"collection":[{"href":"https:\/\/ravnica.info\/arhiva\/index.php?rest_route=\/wp\/v2\/posts"}],"about":[{"href":"https:\/\/ravnica.info\/arhiva\/index.php?rest_route=\/wp\/v2\/types\/post"}],"author":[{"embeddable":true,"href":"https:\/\/ravnica.info\/arhiva\/index.php?rest_route=\/wp\/v2\/users\/1"}],"replies":[{"embeddable":true,"href":"https:\/\/ravnica.info\/arhiva\/index.php?rest_route=%2Fwp%2Fv2%2Fcomments&post=10556"}],"version-history":[{"count":0,"href":"https:\/\/ravnica.info\/arhiva\/index.php?rest_route=\/wp\/v2\/posts\/10556\/revisions"}],"wp:attachment":[{"href":"https:\/\/ravnica.info\/arhiva\/index.php?rest_route=%2Fwp%2Fv2%2Fmedia&parent=10556"}],"wp:term":[{"taxonomy":"category","embeddable":true,"href":"https:\/\/ravnica.info\/arhiva\/index.php?rest_route=%2Fwp%2Fv2%2Fcategories&post=10556"},{"taxonomy":"post_tag","embeddable":true,"href":"https:\/\/ravnica.info\/arhiva\/index.php?rest_route=%2Fwp%2Fv2%2Ftags&post=10556"}],"curies":[{"name":"wp","href":"https:\/\/api.w.org\/{rel}","templated":true}]}}