{"id":10555,"date":"2007-06-18T00:00:00","date_gmt":"2007-06-17T22:00:00","guid":{"rendered":"http:\/\/localhost\/ravnica\/2007\/06\/18\/105-titelskih-maturanata\/"},"modified":"2007-06-18T00:00:00","modified_gmt":"2007-06-17T22:00:00","slug":"105-titelskih-maturanata","status":"publish","type":"post","link":"https:\/\/ravnica.info\/arhiva\/?p=10555","title":{"rendered":"105 titelskih maturanata"},"content":{"rendered":"<p style=\"text-align: justify;\"><strong>Ovogodi\u0161nja generacija titelskih maturanata osta\u0107e upam\u0107ena kao samosvojna, samoinicijativna, koja zna \u0161ta ho\u0107e, i koja je \u0161kolu do\u017eivljavala kao drugi dom i provodila mnogo, mnogo vremena u njoj.<\/strong><\/p>\n<p><!--more--><\/p>\n<p align=\"center\" class=\"MsoNormal\"><font size=\"2\" face=\"Arial\"><span style=\"font-family: Arial;\"><img loading=\"lazy\" decoding=\"async\" width=\"420\" height=\"315\" align=\"middle\" alt=\"\" src=\"\/UserFiles\/Image\/Jun2007vesti\/maturanti-1.jpg\" \/>\u00a0\u00a0\u00a0\u00a0\u00a0\u00a0\u00a0 <br \/>\n<\/span><\/font><\/p>\n<p align=\"justify\" class=\"MsoNormal\"><font size=\"2\" face=\"Arial\"><span style=\"font-family: Arial;\">\u00a0\u00a0\u00a0\u00a0\u00a0\u00a0\u00a0 Po tradiciji titelski maturanti matursko ve\u010de proslave posle polaganja maturskih ispita. Tako je bilo i ove godine. Do\u0161li su roditelji, rodbina, prijatelji, drugari da vide maturante u punom sjaju lepe, elegantne, nadasve \u0161armantne&#8230; Me\u0111u njih 105 zna se da su najbolje Jelena Tomovi\u0107 iz Gardinovaca, \u0111ak generacije, Stevica Tubi\u0107 iz Mo\u0161orina najbolji ma\u0161inac i Marko Kuzmanov iz Titela, najbolji trgovac.<\/span><\/font>\u00a0<\/p>\n<div align=\"center\"><img loading=\"lazy\" decoding=\"async\" width=\"420\" height=\"315\" align=\"middle\" alt=\"\" src=\"\/UserFiles\/Image\/Jun2007vesti\/Maturanti-2.jpg\" \/><\/div>\n<p align=\"justify\" class=\"MsoNormal\"><font size=\"2\" face=\"Arial\"><span style=\"font-family: Arial;\"> <o:p><\/o:p><\/span><\/font><\/p>\n<div align=\"justify\">  <\/div>\n<p align=\"justify\" class=\"MsoNormal\"><font size=\"2\" face=\"Arial\"><span style=\"font-family: Arial;\">Ka\u017eu da je bilo lepo na maturskoj ve\u010deri i da su se razi\u0161li u ranim jutarnjim satima.<o:p><\/o:p><\/span><\/font><\/p>\n<p><strong>Autor:<\/strong> Du\u0161anka Buva\u010d<br \/>\n<strong>Datum:<\/strong> 18, 06, 2007.<\/p>\n","protected":false},"excerpt":{"rendered":"<p>Ovogodi\u0161nja generacija titelskih maturanata osta\u0107e upam\u0107ena kao samosvojna, samoinicijativna, koja zna \u0161ta ho\u0107e, i koja je \u0161kolu do\u017eivljavala kao drugi dom i provodila mnogo, mnogo vremena u njoj.<\/p>\n","protected":false},"author":1,"featured_media":0,"comment_status":"open","ping_status":"open","sticky":false,"template":"","format":"standard","meta":{"footnotes":""},"categories":[1],"tags":[],"class_list":["post-10555","post","type-post","status-publish","format-standard","hentry","category-nekategorizovano"],"_links":{"self":[{"href":"https:\/\/ravnica.info\/arhiva\/index.php?rest_route=\/wp\/v2\/posts\/10555","targetHints":{"allow":["GET"]}}],"collection":[{"href":"https:\/\/ravnica.info\/arhiva\/index.php?rest_route=\/wp\/v2\/posts"}],"about":[{"href":"https:\/\/ravnica.info\/arhiva\/index.php?rest_route=\/wp\/v2\/types\/post"}],"author":[{"embeddable":true,"href":"https:\/\/ravnica.info\/arhiva\/index.php?rest_route=\/wp\/v2\/users\/1"}],"replies":[{"embeddable":true,"href":"https:\/\/ravnica.info\/arhiva\/index.php?rest_route=%2Fwp%2Fv2%2Fcomments&post=10555"}],"version-history":[{"count":0,"href":"https:\/\/ravnica.info\/arhiva\/index.php?rest_route=\/wp\/v2\/posts\/10555\/revisions"}],"wp:attachment":[{"href":"https:\/\/ravnica.info\/arhiva\/index.php?rest_route=%2Fwp%2Fv2%2Fmedia&parent=10555"}],"wp:term":[{"taxonomy":"category","embeddable":true,"href":"https:\/\/ravnica.info\/arhiva\/index.php?rest_route=%2Fwp%2Fv2%2Fcategories&post=10555"},{"taxonomy":"post_tag","embeddable":true,"href":"https:\/\/ravnica.info\/arhiva\/index.php?rest_route=%2Fwp%2Fv2%2Ftags&post=10555"}],"curies":[{"name":"wp","href":"https:\/\/api.w.org\/{rel}","templated":true}]}}