{"id":10546,"date":"2007-06-14T00:00:00","date_gmt":"2007-06-13T22:00:00","guid":{"rendered":"http:\/\/localhost\/ravnica\/2007\/06\/14\/novi-broj-dijalega\/"},"modified":"2007-06-14T00:00:00","modified_gmt":"2007-06-13T22:00:00","slug":"novi-broj-dijalega","status":"publish","type":"post","link":"https:\/\/ravnica.info\/arhiva\/?p=10546","title":{"rendered":"Novi broj Dijalega"},"content":{"rendered":"<p style=\"text-align: justify;\"><strong>Kolokvijum za unapre\u0111enje nastave i usavr\u0161avanje profesora filozofije u srednjoj \u0161koli, Dijalego, izdao je jo\u0161 jedan broj istoimenog biltena.<\/strong><\/p>\n<p><!--more--><\/p>\n<p align=\"justify\" class=\"MsoNormal\"><font size=\"2\"><span style=\"font-family: Arial;\"><img loading=\"lazy\" decoding=\"async\" width=\"250\" height=\"372\" align=\"left\" src=\"\/UserFiles\/Image\/Jun2007vesti\/dijalego-web.jpg\" alt=\"\" \/>Bilten, ovaj put dvobroj 2-3 na 64 strane sadr\u017ei saop\u0161tenja sa pro\u0161logodi\u0161njeg kolokvijuma prof. dr. Ivana Kolari\u0107a o pedago\u0161kim i didakti\u010dko metodi\u010dkim aspektima nastave savremene filozofije u srednjim \u0161kolama i prof. dr. Mirka Zurovca o Sartrovoj ontologiji slobode. <o:p><\/o:p><\/span><\/font><\/p>\n<div align=\"justify\">  <\/div>\n<p align=\"justify\" class=\"MsoNormal\"><font size=\"2\"><em><span style=\"font-family: Arial;\">Florilegium philosophum<\/span><\/em><span style=\"font-family: Arial;\"> je deo biltena u kojem su objavljeni tekstovi profesora filozofije u srednjim \u0161kolama o savremenoj filozofiji, pa pedago\u0161ke natuknice&#8230;<o:p><\/o:p><\/span><\/font><\/p>\n<div align=\"justify\">  <\/div>\n<p align=\"justify\" class=\"MsoNormal\"><font size=\"2\"><span style=\"font-family: Arial;\">Urednice biltena su Jadranka Pe\u0161ti i Gordana Dra\u017ei\u0107, a Pokrajinski sekretarijat za kulturu i obrazovanje je pomogao da se ovaj broj biltena na\u0111e u svakoj \u0161koli u kojoj je filozofija nastavni predmet.<o:p><\/o:p><\/span><\/font><\/p>\n<div align=\"justify\">  <font size=\"2\"><span style=\"font-size: 10pt; font-family: Arial;\">ST\u0160 &#8222;Mileva Mari\u0107&#8220; u Titelu godinama je doma\u0107in profesorima filozofije.<\/span><\/font><\/div>\n<p><strong>Autor:<\/strong> Du\u0161anka Buva\u010d<br \/>\n<strong>Datum:<\/strong> 14, 06, 2007.<\/p>\n","protected":false},"excerpt":{"rendered":"<p>Kolokvijum za unapre\u0111enje nastave i usavr\u0161avanje profesora filozofije u srednjoj \u0161koli, Dijalego, izdao je jo\u0161 jedan broj istoimenog biltena.<\/p>\n","protected":false},"author":1,"featured_media":0,"comment_status":"open","ping_status":"open","sticky":false,"template":"","format":"standard","meta":{"footnotes":""},"categories":[1],"tags":[],"class_list":["post-10546","post","type-post","status-publish","format-standard","hentry","category-nekategorizovano"],"_links":{"self":[{"href":"https:\/\/ravnica.info\/arhiva\/index.php?rest_route=\/wp\/v2\/posts\/10546","targetHints":{"allow":["GET"]}}],"collection":[{"href":"https:\/\/ravnica.info\/arhiva\/index.php?rest_route=\/wp\/v2\/posts"}],"about":[{"href":"https:\/\/ravnica.info\/arhiva\/index.php?rest_route=\/wp\/v2\/types\/post"}],"author":[{"embeddable":true,"href":"https:\/\/ravnica.info\/arhiva\/index.php?rest_route=\/wp\/v2\/users\/1"}],"replies":[{"embeddable":true,"href":"https:\/\/ravnica.info\/arhiva\/index.php?rest_route=%2Fwp%2Fv2%2Fcomments&post=10546"}],"version-history":[{"count":0,"href":"https:\/\/ravnica.info\/arhiva\/index.php?rest_route=\/wp\/v2\/posts\/10546\/revisions"}],"wp:attachment":[{"href":"https:\/\/ravnica.info\/arhiva\/index.php?rest_route=%2Fwp%2Fv2%2Fmedia&parent=10546"}],"wp:term":[{"taxonomy":"category","embeddable":true,"href":"https:\/\/ravnica.info\/arhiva\/index.php?rest_route=%2Fwp%2Fv2%2Fcategories&post=10546"},{"taxonomy":"post_tag","embeddable":true,"href":"https:\/\/ravnica.info\/arhiva\/index.php?rest_route=%2Fwp%2Fv2%2Ftags&post=10546"}],"curies":[{"name":"wp","href":"https:\/\/api.w.org\/{rel}","templated":true}]}}