{"id":10545,"date":"2007-06-13T00:00:00","date_gmt":"2007-06-12T22:00:00","guid":{"rendered":"http:\/\/localhost\/ravnica\/2007\/06\/13\/za-karneval-prijavljeno-preko-350-malisana\/"},"modified":"2007-06-13T00:00:00","modified_gmt":"2007-06-12T22:00:00","slug":"za-karneval-prijavljeno-preko-350-malisana","status":"publish","type":"post","link":"https:\/\/ravnica.info\/arhiva\/?p=10545","title":{"rendered":"Za Karneval prijavljeno preko 350 mali\u0161ana"},"content":{"rendered":"<p style=\"text-align: justify;\"><strong>Za sedmi tradicionalni karneval koji se ove godine odr\u017eava pod motom &#8222;Nek` nam te\u010de med i mleko&#8220; prijavilo se preko 350 mali\u0161ana ne samo iz titelske op\u0161tine, nego i iz Zrenjanina, Zemuna, Novog Sada.<\/strong><\/p>\n<p><!--more--><\/p>\n<div align=\"justify\">  <\/div>\n<p align=\"justify\" class=\"MsoNormal\"><font size=\"2\"><span style=\"font-family: Arial;\"><img loading=\"lazy\" decoding=\"async\" width=\"250\" height=\"341\" align=\"left\" src=\"\/UserFiles\/Image\/Jun2007vesti\/Karneval-Titel-logo.gif\" alt=\"\" \/>\u00a0\u00a0\u00a0\u00a0\u00a0\u00a0\u00a0 Po re\u010dima Svetlane Savi\u0107, sekretara u AKUD-u &#8222;Jovan Popovi\u0107&#8220; koje je tradicionalni organizator karnevala ovogodi\u0161nji generalni sponzor manifestacije je Novosadska mlekara koja je za sve u\u010desnike obezbedila poklone. Naravno, i ove godine titelski zmajari baca\u0107e bombone iz zmaja na gradski trg gde \u0107e binom pro\u0161etati svi u\u010desnici karnevala.<br \/>\n\u00a0\u00a0\u00a0\u00a0\u00a0\u00a0\u00a0 U\u010desnici karnevala polaze ispred zgrade Kombinata, a u ranim jutarnjim satima 16. juna na prigodan na\u010din Titeljani \u0107e biti obave\u0161teni o Karnevalu.<o:p><\/o:p><\/span><\/font><\/p>\n<div align=\"justify\">  <\/div>\n<div align=\"justify\">  <\/div>\n<div align=\"justify\">  <\/div>\n<div align=\"justify\">  <\/div>\n<p align=\"center\" class=\"MsoNormal\"><font size=\"2\"><span style=\"font-family: Arial;\"><span style=\"\"><\/span>Folklor &#8211; fakultativni predmet u \u0161kolama<o:p><\/o:p><\/span><\/font><\/p>\n<div align=\"justify\">  <\/div>\n<div align=\"justify\">  <\/div>\n<div align=\"justify\">  <\/div>\n<div align=\"justify\">  <\/div>\n<p align=\"justify\" class=\"MsoNormal\"><font size=\"2\"><span style=\"font-family: Arial;\">\u00a0\u00a0\u00a0\u00a0\u00a0\u00a0\u00a0 Na drugom susretu<span style=\"\"> <\/span>de\u010dijih i folklornih ansambala pod nazivom razigrano prole\u0107e koje je proteklog vikenda odr\u017eano u Vrnja\u010dkoj Banji u\u010destvovali su i \u010dlanovi mla\u0111e folklorne grupe AKUD-a &#8222;Jovan Popovi\u0107&#8220; iz Titela. Me\u0111u 17 dru\u0161tava iz cele Srbije oni su bili jedini iz Vojvodine i upravo su se predstavili sa igrama iz ovih krajeva.<br \/>\n\u00a0\u00a0\u00a0\u00a0\u00a0\u00a0\u00a0 U\u010desnici ovog susreta su se dogovorili da se uputi dopis Kulturnoprosvetnoj zajednici Srbije u kome se tra\u017ei da oni preduzmu potrebne radnje u Ministarstvu prosvete kako bi se folklor uveo kao fakultativni predmet u osnovnim \u0161kolama.<o:p><\/o:p><\/span><\/font><\/p>\n<p><strong>Autor:<\/strong> Du\u0161anka Buva\u010d<br \/>\n<strong>Datum:<\/strong> 13, 06, 2007.<\/p>\n","protected":false},"excerpt":{"rendered":"<p>Za sedmi tradicionalni karneval koji se ove godine odr\u017eava pod motom &#8222;Nek` nam te\u010de med i mleko&#8220; prijavilo se preko 350 mali\u0161ana ne samo iz titelske op\u0161tine, nego i iz Zrenjanina, Zemuna, Novog Sada.<\/p>\n","protected":false},"author":1,"featured_media":0,"comment_status":"open","ping_status":"open","sticky":false,"template":"","format":"standard","meta":{"footnotes":""},"categories":[1],"tags":[],"class_list":["post-10545","post","type-post","status-publish","format-standard","hentry","category-nekategorizovano"],"_links":{"self":[{"href":"https:\/\/ravnica.info\/arhiva\/index.php?rest_route=\/wp\/v2\/posts\/10545","targetHints":{"allow":["GET"]}}],"collection":[{"href":"https:\/\/ravnica.info\/arhiva\/index.php?rest_route=\/wp\/v2\/posts"}],"about":[{"href":"https:\/\/ravnica.info\/arhiva\/index.php?rest_route=\/wp\/v2\/types\/post"}],"author":[{"embeddable":true,"href":"https:\/\/ravnica.info\/arhiva\/index.php?rest_route=\/wp\/v2\/users\/1"}],"replies":[{"embeddable":true,"href":"https:\/\/ravnica.info\/arhiva\/index.php?rest_route=%2Fwp%2Fv2%2Fcomments&post=10545"}],"version-history":[{"count":0,"href":"https:\/\/ravnica.info\/arhiva\/index.php?rest_route=\/wp\/v2\/posts\/10545\/revisions"}],"wp:attachment":[{"href":"https:\/\/ravnica.info\/arhiva\/index.php?rest_route=%2Fwp%2Fv2%2Fmedia&parent=10545"}],"wp:term":[{"taxonomy":"category","embeddable":true,"href":"https:\/\/ravnica.info\/arhiva\/index.php?rest_route=%2Fwp%2Fv2%2Fcategories&post=10545"},{"taxonomy":"post_tag","embeddable":true,"href":"https:\/\/ravnica.info\/arhiva\/index.php?rest_route=%2Fwp%2Fv2%2Ftags&post=10545"}],"curies":[{"name":"wp","href":"https:\/\/api.w.org\/{rel}","templated":true}]}}